{"id":4816,"date":"2026-03-25T17:34:36","date_gmt":"2026-03-25T16:34:36","guid":{"rendered":"https:\/\/bernayneuvy.fr\/?p=4816"},"modified":"2026-04-15T17:37:43","modified_gmt":"2026-04-15T15:37:43","slug":"installation-du-nouveau-conseil-municipal","status":"publish","type":"post","link":"https:\/\/bernayneuvy.fr\/?p=4816","title":{"rendered":"Installation du nouveau conseil municipal"},"content":{"rendered":"\n\n\n<p style=\"text-align: justify;\">Dimanche 22 mars 2026 \u00e0 17h00, la commune de Bernay-Neuvy-en-Champagne a proc\u00e9d\u00e9 \u00e0 l\u2019installation officielle de son nouveau conseil municipal, \u00e0 l\u2019occasion d\u2019une s\u00e9ance empreinte de solennit\u00e9 organis\u00e9e \u00e0 la salle Pierre-Moreau.<\/p>\n<p style=\"text-align: justify;\">R\u00e9unis pour la premi\u00e8re fois depuis les \u00e9lections municipales du 15 mars, les 19 conseillers municipaux ont \u00e9t\u00e9 officiellement install\u00e9s dans leurs fonctions. La s\u00e9ance a \u00e9t\u00e9 ouverte par le maire sortant, Vincent Hulot, qui a tenu \u00e0 f\u00e9liciter les \u00e9lus pour leur engagement et \u00e0 rappeler les valeurs essentielles qui doivent guider l\u2019action municipale : sens des responsabilit\u00e9s, \u00e9coute des habitants, transparence, travail collectif et engagement au service du territoire et de l\u2019int\u00e9r\u00eat g\u00e9n\u00e9ral.<\/p>\n<p><a href=\"https:\/\/bernayneuvy.fr\/wp-content\/uploads\/2026\/04\/IMG_5640.jpg\"><img loading=\"lazy\" decoding=\"async\" class=\"aligncenter wp-image-4818 size-large\" src=\"https:\/\/bernayneuvy.fr\/wp-content\/uploads\/2026\/04\/IMG_5640-1024x768.jpg\" alt=\"\" width=\"1024\" height=\"768\" \/><\/a><\/p>\n<p style=\"text-align: justify;\">Fort d\u2019une participation de 58 % et d\u2019un soutien de 86,2 % des suffrages exprim\u00e9s, le nouveau conseil municipal dispose d\u2019une l\u00e9gitimit\u00e9 solide pour conduire les projets de la commune au cours des six prochaines ann\u00e9es.<\/p>\n<p style=\"text-align: justify;\">Conform\u00e9ment \u00e0 la r\u00e9glementation, c\u2019est ensuite Francis Cotereau, doyen de l\u2019assembl\u00e9e, qui a pris la pr\u00e9sidence de s\u00e9ance afin de conduire l\u2019\u00e9lection du maire. \u00c0 l\u2019issue du scrutin \u00e0 bulletins secrets, Vincent Moreau, t\u00eate de la liste \u00ab Poursuivons ensemble pour Bernay-Neuvy-en-Champagne \u00bb, a \u00e9t\u00e9 \u00e9lu maire avec 17 voix pour et deux bulletins blancs.<\/p>\n<p style=\"text-align: justify;\">Dans un moment particuli\u00e8rement symbolique et charg\u00e9 d\u2019\u00e9motion, Vincent Hulot a alors remis l\u2019\u00e9charpe tricolore \u00e0 son successeur, marquant officiellement la transmission de cette responsabilit\u00e9 apr\u00e8s dix-huit ann\u00e9es pass\u00e9es \u00e0 la t\u00eate de la commune.<\/p>\n<p><a href=\"https:\/\/bernayneuvy.fr\/wp-content\/uploads\/2026\/04\/DSC_3912.jpg\"><img loading=\"lazy\" decoding=\"async\" class=\"aligncenter wp-image-4819 size-large\" src=\"https:\/\/bernayneuvy.fr\/wp-content\/uploads\/2026\/04\/DSC_3912-1024x683.jpg\" alt=\"\" width=\"1024\" height=\"683\" \/><\/a><\/p>\n<p style=\"text-align: justify;\">Le conseil municipal a ensuite proc\u00e9d\u00e9 \u00e0 l\u2019\u00e9lection des adjoints. Quatre adjoints ont \u00e9t\u00e9 d\u00e9sign\u00e9s, \u00e9galement \u00e0 bulletins secrets :<\/p>\n<ul>\n<li>Yvonne Cazals, premi\u00e8re adjointe,<\/li>\n<li>Francis Cotereau, deuxi\u00e8me adjoint,<\/li>\n<li>St\u00e9phanie Lavanier, troisi\u00e8me adjointe,<\/li>\n<li>Romain Langlais, quatri\u00e8me adjoint.<\/li>\n<\/ul>\n<p>La liste des adjoints a \u00e9t\u00e9 adopt\u00e9e avec 16 voix pour, et trois bulletins blancs.<\/p>\n<p style=\"text-align: justify;\">Cette premi\u00e8re s\u00e9ance marque le d\u00e9but d\u2019un nouveau mandat municipal plac\u00e9 sous le signe de la continuit\u00e9 et de l\u2019engagement au service du territoire. Les prochaines \u00e9tapes, notamment la mise en place des d\u00e9l\u00e9gations et des commissions municipales, interviendront lors d\u2019un prochain conseil.<\/p>\n<p><a href=\"https:\/\/bernayneuvy.fr\/wp-content\/uploads\/2026\/04\/IMG_5647.jpeg\"><img loading=\"lazy\" decoding=\"async\" class=\"aligncenter size-large wp-image-4820\" src=\"https:\/\/bernayneuvy.fr\/wp-content\/uploads\/2026\/04\/IMG_5647-1024x768.jpeg\" alt=\"\" width=\"1024\" height=\"768\" \/><\/a><\/p>\n<p style=\"text-align: justify;\">La municipalit\u00e9 remercie les habitants pour leur participation au scrutin et la confiance accord\u00e9e \u00e0 la nouvelle \u00e9quipe, qui s\u2019engage \u00e0 \u0153uvrer avec d\u00e9termination pour le d\u00e9veloppement et le dynamisme de Bernay-Neuvy-en-Champagne.<\/p>\n","protected":false},"excerpt":{"rendered":"<p>Dimanche 22 mars 2026 \u00e0 17h00, la commune de Bernay-Neuvy-en-Champagne a proc\u00e9d\u00e9 \u00e0 l\u2019installation officielle de son nouveau conseil municipal, \u00e0 l\u2019occasion d\u2019une s\u00e9ance empreinte de solennit\u00e9 organis\u00e9e \u00e0 la salle Pierre-Moreau. R\u00e9unis pour la premi\u00e8re fois depuis les \u00e9lections municipales du 15 mars, les 19 conseillers municipaux ont \u00e9t\u00e9 officiellement install\u00e9s dans leurs fonctions. [&hellip;]<\/p>\n","protected":false},"author":1,"featured_media":4820,"comment_status":"closed","ping_status":"open","sticky":false,"template":"","format":"standard","meta":{"footnotes":""},"categories":[122],"tags":[],"_links":{"self":[{"href":"https:\/\/bernayneuvy.fr\/index.php?rest_route=\/wp\/v2\/posts\/4816"}],"collection":[{"href":"https:\/\/bernayneuvy.fr\/index.php?rest_route=\/wp\/v2\/posts"}],"about":[{"href":"https:\/\/bernayneuvy.fr\/index.php?rest_route=\/wp\/v2\/types\/post"}],"author":[{"embeddable":true,"href":"https:\/\/bernayneuvy.fr\/index.php?rest_route=\/wp\/v2\/users\/1"}],"replies":[{"embeddable":true,"href":"https:\/\/bernayneuvy.fr\/index.php?rest_route=%2Fwp%2Fv2%2Fcomments&post=4816"}],"version-history":[{"count":2,"href":"https:\/\/bernayneuvy.fr\/index.php?rest_route=\/wp\/v2\/posts\/4816\/revisions"}],"predecessor-version":[{"id":4821,"href":"https:\/\/bernayneuvy.fr\/index.php?rest_route=\/wp\/v2\/posts\/4816\/revisions\/4821"}],"wp:featuredmedia":[{"embeddable":true,"href":"https:\/\/bernayneuvy.fr\/index.php?rest_route=\/wp\/v2\/media\/4820"}],"wp:attachment":[{"href":"https:\/\/bernayneuvy.fr\/index.php?rest_route=%2Fwp%2Fv2%2Fmedia&parent=4816"}],"wp:term":[{"taxonomy":"category","embeddable":true,"href":"https:\/\/bernayneuvy.fr\/index.php?rest_route=%2Fwp%2Fv2%2Fcategories&post=4816"},{"taxonomy":"post_tag","embeddable":true,"href":"https:\/\/bernayneuvy.fr\/index.php?rest_route=%2Fwp%2Fv2%2Ftags&post=4816"}],"curies":[{"name":"wp","href":"https:\/\/api.w.org\/{rel}","templated":true}]}}