{"id":4806,"date":"2026-02-26T16:59:15","date_gmt":"2026-02-26T15:59:15","guid":{"rendered":"https:\/\/bernayneuvy.fr\/?p=4806"},"modified":"2026-03-11T14:34:09","modified_gmt":"2026-03-11T13:34:09","slug":"vincent-moreau-conduit-une-liste-pour-les-municipales-2026","status":"publish","type":"post","link":"https:\/\/bernayneuvy.fr\/?p=4806","title":{"rendered":"Vincent MOREAU conduit une liste pour les municipales 2026"},"content":{"rendered":"\n<p><strong>Voici la liste conduite par Vincent MOREAU, adjoint au maire sortant, qui inscrit son engagement dans la continuit\u00e9 du travail men\u00e9 par le maire sortant, Vincent HULOT. <\/strong><\/p>\n<p style=\"text-align: justify;\">Autour de Vincent MOREAU, l\u2019\u00e9quipe rassemble 19 candidats, dont 12 conseillers sortants et 7 nouveaux visages. \u00ab Nous avons souhait\u00e9 conjuguer exp\u00e9rience et renouveau, tout en refl\u00e9tant la diversit\u00e9 de notre territoire \u00bb, souligne la t\u00eate de liste. La parit\u00e9 est respect\u00e9e avec 10 femmes et 9 hommes. La repr\u00e9sentation g\u00e9ographique traduit \u00e9galement l\u2019identit\u00e9 de la commune nouvelle : 9 candidats r\u00e9sident \u00e0 Bernay, 7 \u00e0 Neuvy et 3 \u00e0 Saint-Julien. La liste met en avant une pluralit\u00e9 de parcours et un engagement d\u00e9j\u00e0 affirm\u00e9 dans la vie locale et associative.<\/p>\n<p style=\"text-align: justify;\">Dans le prolongement du mandat en cours, la liste entend finaliser les projets engag\u00e9s et poursuivre le d\u00e9veloppement communal dans un esprit d\u2019ouverture, de proximit\u00e9 et de responsabilit\u00e9. Parmi les priorit\u00e9s affich\u00e9es figurent le soutien aux commerces locaux et la poursuite de l\u2019am\u00e9lioration du cadre de vie. Sur le plan environnemental et budg\u00e9taire, l\u2019\u00e9quipe met en avant une gestion responsable : r\u00e9flexion sur les \u00e9conomies d\u2019\u00e9nergie dans les b\u00e2timents communaux, modernisation progressive de l\u2019\u00e9clairage public en LED, maintien d\u2019une fiscalit\u00e9 ma\u00eetris\u00e9e et d\u2019un budget \u00e9quilibr\u00e9. Enfin, la liste r\u00e9affirme son attachement \u00e0 la vie associative et au lien social, \u00ab c\u0153ur battant de notre territoire \u00bb, et promet une gouvernance ouverte, transparente et \u00e0 l\u2019\u00e9coute des habitants.<\/p>\n<p>\u00ab Voter pour notre liste, c\u2019est choisir la stabilit\u00e9, l\u2019exp\u00e9rience et l\u2019engagement collectif pour poursuivre le d\u00e9veloppement de Bernay-Neuvy-en-Champagne dans un climat serein \u00bb, conclut Vincent MOREAU.<\/p>\n<p><span style=\"text-decoration: underline;\"><strong><a href=\"https:\/\/bernayneuvy.fr\/wp-content\/uploads\/2026\/02\/photo-liste-electorale-Bernay-Neuvy-2026.jpg\"><img loading=\"lazy\" decoding=\"async\" class=\"aligncenter wp-image-4807 size-large\" src=\"https:\/\/bernayneuvy.fr\/wp-content\/uploads\/2026\/02\/photo-liste-electorale-Bernay-Neuvy-2026-1024x683.jpg\" alt=\"\" width=\"1024\" height=\"683\" \/><\/a><\/strong><\/span><\/p>\n<p><span style=\"text-decoration: underline;\"><strong>Poursuivons ensemble pour Bernay-Neuvy-en-Champagne<\/strong><\/span><\/p>\n<p>Dans l\u2019ordre du bulletin de vote :<\/p>\n<ol>\n<li>Yvonne CAZALS (71 ans \u2013 retrait\u00e9e de la fonction publique \u2013 adjointe sortante)<\/li>\n<li>Vincent MOREAU (58 ans \u2013 agriculteur \u2013 adjoint sortant)<\/li>\n<li>St\u00e9phanie LAVANIER (46 ans \u2013 infirmi\u00e8re en pratique avanc\u00e9e \u2013 conseill\u00e8re sortante)<\/li>\n<li>Francis COTEREAU (74 ans \u2013 retrait\u00e9 de l\u2019industrie \u2013 adjoint sortant)<\/li>\n<li>Nathalie GAUCHER (56 ans \u2013 coordinatrice r\u00e9gionale \u2013 conseill\u00e8re sortante)<\/li>\n<li>Romain LANGLAIS (38 ans \u2013 agriculteur \u2013 adjoint sortant)<\/li>\n<li>Marinella LEPLU (59 ans \u2013 employ\u00e9e administrative \u2013 conseill\u00e8re sortante)<\/li>\n<li>Jonathan OURSEL (40 ans \u2013 enseignant \u2013 conseiller sortant)<\/li>\n<li>Ang\u00e9lique VADE-PASSELANDE (40 ans \u2013 enseignante \u2013 conseill\u00e8re sortante)<\/li>\n<li>Daniel FERRET (65 ans \u2013 retrait\u00e9 de l\u2019agriculture \u2013 conseiller sortant)<\/li>\n<li>Alexandra HUGERON (46 ans \u2013 \u00e9ducatrice sp\u00e9cialis\u00e9e \u2013 conseill\u00e8re sortante)<\/li>\n<li>Steven POIGNANT (38 ans \u2013 responsable d\u2019affr\u00e8tement)<\/li>\n<li>St\u00e9phanie VALLIENNE (48 ans \u2013 employ\u00e9e de commerce \u2013 conseill\u00e8re sortante)<\/li>\n<li>Damien LEGUY (33 ans \u2013 chauffeur)<\/li>\n<li>Val\u00e9rie SIMON (48 ans \u2013 aide-soignante)<\/li>\n<li>Jean-Luc DELETRE (61 ans \u2013 artisan)<\/li>\n<li>Emma FERRET (30 ans \u2013 agricultrice)<\/li>\n<li>Fran\u00e7ois LE FORESTIER (46 ans \u2013 dirigeant associatif)<\/li>\n<li>Laure JOUFFRAI (60 ans \u2013 responsable financi\u00e8re)<\/li>\n<\/ol>\n","protected":false},"excerpt":{"rendered":"<p>Voici la liste conduite par Vincent MOREAU, adjoint au maire sortant, qui inscrit son engagement dans la continuit\u00e9 du travail men\u00e9 par le maire sortant, Vincent HULOT. Autour de Vincent MOREAU, l\u2019\u00e9quipe rassemble 19 candidats, dont 12 conseillers sortants et 7 nouveaux visages. \u00ab Nous avons souhait\u00e9 conjuguer exp\u00e9rience et renouveau, tout en refl\u00e9tant la [&hellip;]<\/p>\n","protected":false},"author":1,"featured_media":4807,"comment_status":"closed","ping_status":"open","sticky":false,"template":"","format":"standard","meta":{"footnotes":""},"categories":[122],"tags":[],"_links":{"self":[{"href":"https:\/\/bernayneuvy.fr\/index.php?rest_route=\/wp\/v2\/posts\/4806"}],"collection":[{"href":"https:\/\/bernayneuvy.fr\/index.php?rest_route=\/wp\/v2\/posts"}],"about":[{"href":"https:\/\/bernayneuvy.fr\/index.php?rest_route=\/wp\/v2\/types\/post"}],"author":[{"embeddable":true,"href":"https:\/\/bernayneuvy.fr\/index.php?rest_route=\/wp\/v2\/users\/1"}],"replies":[{"embeddable":true,"href":"https:\/\/bernayneuvy.fr\/index.php?rest_route=%2Fwp%2Fv2%2Fcomments&post=4806"}],"version-history":[{"count":1,"href":"https:\/\/bernayneuvy.fr\/index.php?rest_route=\/wp\/v2\/posts\/4806\/revisions"}],"predecessor-version":[{"id":4808,"href":"https:\/\/bernayneuvy.fr\/index.php?rest_route=\/wp\/v2\/posts\/4806\/revisions\/4808"}],"wp:featuredmedia":[{"embeddable":true,"href":"https:\/\/bernayneuvy.fr\/index.php?rest_route=\/wp\/v2\/media\/4807"}],"wp:attachment":[{"href":"https:\/\/bernayneuvy.fr\/index.php?rest_route=%2Fwp%2Fv2%2Fmedia&parent=4806"}],"wp:term":[{"taxonomy":"category","embeddable":true,"href":"https:\/\/bernayneuvy.fr\/index.php?rest_route=%2Fwp%2Fv2%2Fcategories&post=4806"},{"taxonomy":"post_tag","embeddable":true,"href":"https:\/\/bernayneuvy.fr\/index.php?rest_route=%2Fwp%2Fv2%2Ftags&post=4806"}],"curies":[{"name":"wp","href":"https:\/\/api.w.org\/{rel}","templated":true}]}}