{"id":4659,"date":"2025-09-10T09:08:12","date_gmt":"2025-09-10T07:08:12","guid":{"rendered":"https:\/\/bernayneuvy.fr\/?p=4659"},"modified":"2025-10-04T09:47:11","modified_gmt":"2025-10-04T07:47:11","slug":"inauguration-de-la-nouvelle-plateforme-multisports","status":"publish","type":"post","link":"https:\/\/bernayneuvy.fr\/?p=4659","title":{"rendered":"Inauguration de la nouvelle plateforme multisports"},"content":{"rendered":"\n\n\n<p style=\"text-align: justify;\">Le vendredi 5 septembre, la commune de Bernay-Neuvy-en-Champagne a inaugur\u00e9 sa nouvelle plateforme multisports, install\u00e9e au c\u0153ur du village, \u00e0 proximit\u00e9 de l\u2019\u00e9cole Norbert-Brasseur. Ce nouvel \u00e9quipement, tr\u00e8s attendu par les habitants, a r\u00e9uni pour son ouverture plus d\u2019une centaine de personnes venues partager ce moment convivial.<\/p>\n<p style=\"text-align: justify;\"><a href=\"https:\/\/bernayneuvy.fr\/wp-content\/uploads\/2025\/10\/Inauguration-plateforme-Multisports-5-sept-2025-4.jpg\"><img loading=\"lazy\" decoding=\"async\" class=\"aligncenter size-large wp-image-4662\" src=\"https:\/\/bernayneuvy.fr\/wp-content\/uploads\/2025\/10\/Inauguration-plateforme-Multisports-5-sept-2025-4-1024x768.jpg\" alt=\"\" width=\"1024\" height=\"768\" \/><\/a><\/p>\n<p style=\"text-align: justify;\">Parents, enfants et habitants \u00e9taient pr\u00e9sents en nombre, tout comme une vingtaine de jeunes qui ont r\u00e9pondu \u00e0 l\u2019appel de la mairie et de l\u2019association des parents d\u2019\u00e9l\u00e8ves de l\u2019\u00e9cole primaire. Ils ont donn\u00e9 vie \u00e0 cette inauguration en disputant des matchs de basket et de foot, suscitant l\u2019int\u00e9r\u00eat du public et d\u00e9montrant ainsi combien ce projet r\u00e9pondait \u00e0 une v\u00e9ritable attente.<\/p>\n<p><strong><a href=\"https:\/\/bernayneuvy.fr\/wp-content\/uploads\/2025\/10\/Inauguration-plateforme-Multisports-5-sept-2025-11.jpg\"><img loading=\"lazy\" decoding=\"async\" class=\"aligncenter size-large wp-image-4665\" src=\"https:\/\/bernayneuvy.fr\/wp-content\/uploads\/2025\/10\/Inauguration-plateforme-Multisports-5-sept-2025-11-1024x768.jpg\" alt=\"\" width=\"1024\" height=\"768\" \/><\/a><\/strong><\/p>\n<p><strong>Une c\u00e9r\u00e9monie marqu\u00e9e par de nombreuses personnalit\u00e9s<\/strong><\/p>\n<p style=\"text-align: justify;\">Vincent Hulot, le maire, a ouvert la c\u00e9r\u00e9monie en accueillant chaleureusement les partenaires et \u00e9lus. Parmi eux, Monsieur Micka\u00ebl Goulvent, directeur du Service d\u00e9partemental \u00e0 la jeunesse, \u00e0 l\u2019engagement et au sport. Dans son intervention, le repr\u00e9sentant des services de l\u2019\u00c9tat a rappel\u00e9 combien l\u2019accompagnement de projets tels que celui-ci s\u2019inscrit dans une volont\u00e9 nationale de promouvoir l\u2019acc\u00e8s au sport pour tous et de soutenir la vitalit\u00e9 des territoires ruraux.<\/p>\n<p style=\"text-align: justify;\">Monsieur Jean-Pierre Vogel, s\u00e9nateur de la Sarthe, a \u00e9galement pris la parole pour saluer \u00ab un projet exemplaire qui illustre l\u2019engagement sans faille de la municipalit\u00e9 en lan\u00e7ant des projets structurant et en trouvant les aides financi\u00e8res indispensables \u00bb.<\/p>\n<p style=\"text-align: justify;\"><a href=\"https:\/\/bernayneuvy.fr\/wp-content\/uploads\/2025\/10\/Inauguration-plateforme-Multisports-5-sept-2025-15.jpg\"><img loading=\"lazy\" decoding=\"async\" class=\"aligncenter size-large wp-image-4669\" src=\"https:\/\/bernayneuvy.fr\/wp-content\/uploads\/2025\/10\/Inauguration-plateforme-Multisports-5-sept-2025-15-1024x768.jpg\" alt=\"\" width=\"1024\" height=\"768\" \/><\/a><\/p>\n<p style=\"text-align: justify;\">Deux conseillers d\u00e9partementaux, Catherine Paineau et Jo\u00ebl M\u00e9t\u00e9nier, pr\u00e9sents aux c\u00f4t\u00e9s des \u00e9lus de la commune, ont eux aussi exprim\u00e9 leur soutien. Ils ont insist\u00e9 sur la pertinence d\u2019un tel am\u00e9nagement pour la jeunesse, rappelant que le d\u00e9partement de la Sarthe s\u2019attache \u00e0 encourager toutes les initiatives favorisant la pratique sportive et le bien-\u00eatre des habitants.<\/p>\n<p style=\"text-align: justify;\">Madame Le Bihan, repr\u00e9sentante de la MSA, a tenu \u00e0 souligner l\u2019importance du programme <em>Grandir en milieu rural<\/em> qui a permis d\u2019accompagner financi\u00e8rement ce projet. Elle a rappel\u00e9 que la MSA \u00ab s\u2019engage aux c\u00f4t\u00e9s des communes rurales pour am\u00e9liorer la qualit\u00e9 de vie des familles et renforcer les \u00e9quipements qui favorisent la convivialit\u00e9 et la solidarit\u00e9 \u00bb.<\/p>\n<p><strong><a href=\"https:\/\/bernayneuvy.fr\/wp-content\/uploads\/2025\/10\/Inauguration-plateforme-Multisports-5-sept-2025-19.jpg\"><img loading=\"lazy\" decoding=\"async\" class=\"aligncenter size-large wp-image-4666\" src=\"https:\/\/bernayneuvy.fr\/wp-content\/uploads\/2025\/10\/Inauguration-plateforme-Multisports-5-sept-2025-19-1024x768.jpg\" alt=\"\" width=\"1024\" height=\"768\" \/><\/a><\/strong><\/p>\n<p><strong>Un projet rendu possible gr\u00e2ce \u00e0 un soutien fort<\/strong><\/p>\n<p style=\"text-align: justify;\">Le maire a tenu \u00e0 exprimer toute sa gratitude pour le soutien d\u00e9terminant de l\u2019\u00c9tat, qui a financ\u00e9 la moiti\u00e9 de l\u2019investissement via la DETR et l\u2019Agence r\u00e9gionale de sant\u00e9 dans le cadre du plan \u00ab 5 000 \u00e9quipements g\u00e9n\u00e9ration 2024 \u00bb. Madame Le Bihan, repr\u00e9sentante de la MSA, a \u00e9galement \u00e9t\u00e9 salu\u00e9e pour son accompagnement qui a permis la participation financi\u00e8re de plus de 15 % gr\u00e2ce au dispositif <em>Grandir en milieu rural<\/em>. \u00ab Sans ces soutiens, ce projet d\u2019un montant de pr\u00e8s de 65 000 \u20ac HT n\u2019aurait pas pu voir le jour \u00bb, a rappel\u00e9 Vincent Hulot.<\/p>\n<p><strong>Un espace au service de tous<\/strong><\/p>\n<p style=\"text-align: justify;\">\u00c0 travers les discours et les \u00e9changes, une conviction s\u2019est impos\u00e9e : cette plateforme, id\u00e9alement situ\u00e9e \u00e0 proximit\u00e9 de l\u2019\u00e9cole et du lotissement des Croix, constitue d\u00e9sormais un lieu privil\u00e9gi\u00e9 pour la pratique sportive, la rencontre et le vivre-ensemble. Elle sera ouverte non seulement aux habitants et aux associations, mais aussi aux enseignants, au p\u00e9riscolaire et \u00e0 l\u2019accueil de loisirs estival.<\/p>\n<p style=\"text-align: justify;\"><a href=\"https:\/\/bernayneuvy.fr\/wp-content\/uploads\/2025\/10\/Inauguration-plateforme-Multisports-5-sept-2025-24.jpg\"><img loading=\"lazy\" decoding=\"async\" class=\"aligncenter size-large wp-image-4667\" src=\"https:\/\/bernayneuvy.fr\/wp-content\/uploads\/2025\/10\/Inauguration-plateforme-Multisports-5-sept-2025-24-1024x768.jpg\" alt=\"\" width=\"1024\" height=\"768\" \/><\/a><\/p>\n<p style=\"text-align: justify;\">\u00ab Les premiers retours sont tr\u00e8s positifs : parents, habitants et jeunes utilisateurs saluent unanimement la qualit\u00e9 et l\u2019utilit\u00e9 de cet \u00e9quipement. C\u2019est la meilleure preuve que cette initiative r\u00e9pond \u00e0 une v\u00e9ritable attente \u00bb, a insist\u00e9 Monsieur le Maire.<\/p>\n<p style=\"text-align: justify;\">L\u2019inauguration s\u2019est conclue dans une atmosph\u00e8re chaleureuse et familiale autour du verre de l\u2019amiti\u00e9. Au-del\u00e0 de l\u2019\u00e9v\u00e9nement, c\u2019est toute la commune qui s\u2019est retrouv\u00e9e autour d\u2019un projet commun, porteur de dynamisme et de coh\u00e9sion.<\/p>\n<p style=\"text-align: justify;\"><a href=\"https:\/\/bernayneuvy.fr\/wp-content\/uploads\/2025\/10\/Inauguration-plateforme-Multisports-5-sept-2025-337.jpg\"><img loading=\"lazy\" decoding=\"async\" class=\"aligncenter size-large wp-image-4668\" src=\"https:\/\/bernayneuvy.fr\/wp-content\/uploads\/2025\/10\/Inauguration-plateforme-Multisports-5-sept-2025-337-1024x768.jpg\" alt=\"\" width=\"1024\" height=\"768\" \/><\/a><\/p>\n<p style=\"text-align: justify;\">La nouvelle plateforme multisports de Bernay-Neuvy-en-Champagne s\u2019annonce d\u2019ores et d\u00e9j\u00e0 comme un lieu incontournable de rencontre, de partage et de vivre-ensemble, au service de toute la population.<\/p>\n\n\n","protected":false},"excerpt":{"rendered":"<p>Le vendredi 5 septembre, la commune de Bernay-Neuvy-en-Champagne a inaugur\u00e9 sa nouvelle plateforme multisports, install\u00e9e au c\u0153ur du village, \u00e0 proximit\u00e9 de l\u2019\u00e9cole Norbert-Brasseur. Ce nouvel \u00e9quipement, tr\u00e8s attendu par les habitants, a r\u00e9uni pour son ouverture plus d\u2019une centaine de personnes venues partager ce moment convivial. Parents, enfants et habitants \u00e9taient pr\u00e9sents en nombre, [&hellip;]<\/p>\n","protected":false},"author":1,"featured_media":4664,"comment_status":"closed","ping_status":"open","sticky":false,"template":"","format":"standard","meta":{"footnotes":""},"categories":[122,12],"tags":[],"_links":{"self":[{"href":"https:\/\/bernayneuvy.fr\/index.php?rest_route=\/wp\/v2\/posts\/4659"}],"collection":[{"href":"https:\/\/bernayneuvy.fr\/index.php?rest_route=\/wp\/v2\/posts"}],"about":[{"href":"https:\/\/bernayneuvy.fr\/index.php?rest_route=\/wp\/v2\/types\/post"}],"author":[{"embeddable":true,"href":"https:\/\/bernayneuvy.fr\/index.php?rest_route=\/wp\/v2\/users\/1"}],"replies":[{"embeddable":true,"href":"https:\/\/bernayneuvy.fr\/index.php?rest_route=%2Fwp%2Fv2%2Fcomments&post=4659"}],"version-history":[{"count":4,"href":"https:\/\/bernayneuvy.fr\/index.php?rest_route=\/wp\/v2\/posts\/4659\/revisions"}],"predecessor-version":[{"id":4671,"href":"https:\/\/bernayneuvy.fr\/index.php?rest_route=\/wp\/v2\/posts\/4659\/revisions\/4671"}],"wp:featuredmedia":[{"embeddable":true,"href":"https:\/\/bernayneuvy.fr\/index.php?rest_route=\/wp\/v2\/media\/4664"}],"wp:attachment":[{"href":"https:\/\/bernayneuvy.fr\/index.php?rest_route=%2Fwp%2Fv2%2Fmedia&parent=4659"}],"wp:term":[{"taxonomy":"category","embeddable":true,"href":"https:\/\/bernayneuvy.fr\/index.php?rest_route=%2Fwp%2Fv2%2Fcategories&post=4659"},{"taxonomy":"post_tag","embeddable":true,"href":"https:\/\/bernayneuvy.fr\/index.php?rest_route=%2Fwp%2Fv2%2Ftags&post=4659"}],"curies":[{"name":"wp","href":"https:\/\/api.w.org\/{rel}","templated":true}]}}