{"id":4638,"date":"2025-06-27T08:42:10","date_gmt":"2025-06-27T06:42:10","guid":{"rendered":"https:\/\/bernayneuvy.fr\/?p=4638"},"modified":"2025-07-16T08:45:36","modified_gmt":"2025-07-16T06:45:36","slug":"lalsh-dete-2025-met-les-enfants-sur-les-rails-de-la-decouverte","status":"publish","type":"post","link":"https:\/\/bernayneuvy.fr\/?p=4638","title":{"rendered":"\u00a0l\u2019ALSH 2025 met les enfants sur les rails de la d\u00e9couverte !"},"content":{"rendered":"\n\n\n<p style=\"text-align: justify;\">L\u2019Accueil de Loisirs Sans H\u00e9bergement (ALSH) de Bernay \u2013 Neuvy-en-Champagne revient cet \u00e9t\u00e9 du <strong>lundi 7 juillet au vendredi 1er ao\u00fbt 2025<\/strong>, pour quatre semaines d\u2019activit\u00e9s riches et vari\u00e9es, plac\u00e9es cette ann\u00e9e sous le th\u00e8me \u00e9vocateur : <strong>\u00ab Les moyens de transport \u00bb<\/strong>.<\/p>\n<p>Organis\u00e9 du lundi au vendredi, de <strong>8h00 \u00e0 18h00<\/strong>, le centre accueillera les enfants autour d\u2019un programme ludique et p\u00e9dagogique, encadr\u00e9 par une \u00e9quipe dynamique : <strong>Aur\u00e9lie<\/strong> (directrice), <strong>Maya<\/strong> et <strong>Laurie<\/strong> (animatrices dipl\u00f4m\u00e9es), ainsi qu\u2019<strong>Amandine<\/strong>, animatrice non dipl\u00f4m\u00e9e.<\/p>\n<p><strong>Un voyage \u00e9ducatif et cr\u00e9atif<\/strong><\/p>\n<p>Tout au long du mois de juillet, les enfants seront invit\u00e9s \u00e0 explorer l\u2019univers fascinant des transports. Ils fabriqueront <strong>v\u00e9los, voitures, montgolfi\u00e8res et avions miniatures<\/strong>, participeront \u00e0 des <strong>courses de bateaux sur l\u2019eau<\/strong>, et pourront m\u00eame <strong>passer leur permis v\u00e9lo<\/strong> lors de la troisi\u00e8me semaine gr\u00e2ce \u00e0 l\u2019intervention de <strong>Sandrine Lucas<\/strong>, formatrice agr\u00e9\u00e9e de la 4CPS.<\/p>\n<p><strong>Des sorties pour voir du pays<\/strong><\/p>\n<p>Plusieurs sorties viendront enrichir ce programme :<\/p>\n<ul>\n<li><strong>Piscine d\u2019\u00c9vron<\/strong> pour se rafra\u00eechir et s\u2019amuser,<\/li>\n<li><strong>Mus\u00e9e de l\u2019aviation<\/strong>,<\/li>\n<li><strong>Jeux inter-centres \u00e0 Sill\u00e9-le-Guillaume<\/strong>,<\/li>\n<li>Et enfin une escapade ferroviaire au <strong>Mus\u00e9otrain de Semur-en-Vallon<\/strong>.<\/li>\n<\/ul>\n<p><strong>Un spectacle pour conclure en beaut\u00e9<\/strong><\/p>\n<p style=\"text-align: justify;\">Pour clore cette aventure estivale, les enfants monteront sur sc\u00e8ne le <strong>jeudi 31 juillet \u00e0 18h00<\/strong> pour un <strong>spectacle de fin de centre<\/strong>, suivi d\u2019un <strong>moment convivial<\/strong> avec les familles autour d\u2019un verre et de quelques gourmandises.<\/p>\n<p><strong>Tarifs et modalit\u00e9s d\u2019inscription<\/strong><\/p>\n<p style=\"text-align: justify;\">Les tarifs appliqu\u00e9s sont ceux de la <strong>grille harmonis\u00e9e 4CPS<\/strong>, identiques \u00e0 ceux de l&rsquo;\u00e9t\u00e9 2024, avec un suppl\u00e9ment de <strong>4,60 \u20ac par jour<\/strong> pour le <strong>repas et le go\u00fbter<\/strong>. Des <strong>r\u00e9ductions<\/strong> sont pr\u00e9vues pour les fratries : <strong>-7 % pour deux enfants<\/strong>, <strong>-15 % \u00e0 partir de trois<\/strong>, hors repas, go\u00fbters et sorties.<\/p>\n<table style=\"border-color: #000000; width: 75.345%;\" width=\"595\">\n<tbody>\n<tr>\n<td style=\"width: 21.3087%;\" width=\"132\">\n<p>TARIFS ETE<\/p>\n<p>2025<\/p>\n<\/td>\n<td style=\"width: 17.2819%;\" width=\"104\">\n<p>QF1 :\u00a0\u00a0\u00a0\u00a0\u00a0\u00a0\u00a0\u00a0\u00a0\u00a0\u00a0\u00a0\u00a0\u00a0 \u2264 440 \u20ac<\/p>\n<\/td>\n<td style=\"width: 18.2886%;\" width=\"113\">\n<p>QF2 : \u2265\u00a0\u00a0\u00a0\u00a0\u00a0\u00a0\u00a0\u00a0\u00a0 441\u20ac \u00e0 700\u20ac<\/p>\n<\/td>\n<td style=\"width: 15.2685%;\" width=\"94\">\n<p>QF3 : \u2265<\/p>\n<p>701\u20ac \u00e0 900\u20ac<\/p>\n<\/td>\n<td style=\"width: 13.0872%;\" width=\"76\">\n<p>QF4\u00a0:\u00a0\u00a0\u00a0\u00a0\u00a0 &gt; 901\u20ac<\/p>\n<\/td>\n<td style=\"width: 18.4564%;\" width=\"76\">\n<p>Hors 4CPS<\/p>\n<\/td>\n<\/tr>\n<tr>\n<td style=\"width: 21.3087%;\" width=\"132\">\n<p>\u00bd Journ\u00e9e<\/p>\n<\/td>\n<td style=\"width: 17.2819%;\" width=\"104\">\n<p>5,88 \u20ac<\/p>\n<\/td>\n<td style=\"width: 18.2886%;\" width=\"113\">\n<p>6,86 \u20ac<\/p>\n<\/td>\n<td style=\"width: 15.2685%;\" width=\"94\">\n<p>7,93 \u20ac<\/p>\n<\/td>\n<td style=\"width: 13.0872%;\" width=\"76\">\n<p>9,01 \u20ac<\/p>\n<\/td>\n<td style=\"width: 18.4564%;\" width=\"76\">\n<p>11,55 \u20ac<\/p>\n<\/td>\n<\/tr>\n<tr>\n<td style=\"width: 21.3087%;\" width=\"132\">\n<p>Journ\u00e9e<\/p>\n<\/td>\n<td style=\"width: 17.2819%;\" width=\"104\">\n<p>9,87 \u20ac<\/p>\n<\/td>\n<td style=\"width: 18.2886%;\" width=\"113\">\n<p>11,44 \u20ac<\/p>\n<\/td>\n<td style=\"width: 15.2685%;\" width=\"94\">\n<p>12,98 \u20ac<\/p>\n<\/td>\n<td style=\"width: 13.0872%;\" width=\"76\">\n<p>14,74 \u20ac<\/p>\n<\/td>\n<td style=\"width: 18.4564%;\" width=\"76\">\n<p>17,43 \u20ac<\/p>\n<\/td>\n<\/tr>\n<tr>\n<td style=\"width: 21.3087%;\" width=\"132\">\n<p>Semaine<\/p>\n<\/td>\n<td style=\"width: 17.2819%;\" width=\"104\">\n<p>40,43 \u20ac<\/p>\n<\/td>\n<td style=\"width: 18.2886%;\" width=\"113\">\n<p>45,86 \u20ac<\/p>\n<\/td>\n<td style=\"width: 15.2685%;\" width=\"94\">\n<p>53,35 \u20ac<\/p>\n<\/td>\n<td style=\"width: 13.0872%;\" width=\"76\">\n<p>60,61\u20ac<\/p>\n<\/td>\n<td style=\"width: 18.4564%;\" width=\"76\">\n<p>75,29 \u20ac<\/p>\n<\/td>\n<\/tr>\n<tr>\n<td style=\"width: 21.3087%;\" width=\"132\">\n<p>Repas + gouter<\/p>\n<\/td>\n<td style=\"width: 82.3826%;\" colspan=\"5\" width=\"104\">\n<p>\u00a0\u00a0\u00a0\u00a0\u00a0\u00a0\u00a0\u00a0\u00a0\u00a0\u00a0\u00a0\u00a0\u00a0\u00a0\u00a0\u00a0\u00a0\u00a0\u00a0\u00a0\u00a0\u00a0\u00a0\u00a0\u00a0\u00a0\u00a0\u00a0\u00a0\u00a0\u00a0\u00a0\u00a0\u00a0\u00a04,60 \u20ac<\/p>\n<\/td>\n<\/tr>\n<\/tbody>\n<\/table>\n<p><strong>P\u00e9riodes d\u2019ouverture<\/strong> :<\/p>\n<ul>\n<li>du <strong>7 au 11 juillet<\/strong> (5 jours)<\/li>\n<li>du <strong>15 au 18 juillet<\/strong> (4 jours, semaine du 14 juillet)<\/li>\n<li>du <strong>21 au 25 juillet<\/strong> (5 jours)<\/li>\n<li>du <strong>28 juillet au 1er ao\u00fbt<\/strong> (5 jours)<\/li>\n<\/ul>\n","protected":false},"excerpt":{"rendered":"<p>L\u2019Accueil de Loisirs Sans H\u00e9bergement (ALSH) de Bernay \u2013 Neuvy-en-Champagne revient cet \u00e9t\u00e9 du lundi 7 juillet au vendredi 1er ao\u00fbt 2025, pour quatre semaines d\u2019activit\u00e9s riches et vari\u00e9es, plac\u00e9es cette ann\u00e9e sous le th\u00e8me \u00e9vocateur : \u00ab Les moyens de transport \u00bb. Organis\u00e9 du lundi au vendredi, de 8h00 \u00e0 18h00, le centre accueillera [&hellip;]<\/p>\n","protected":false},"author":1,"featured_media":4643,"comment_status":"closed","ping_status":"open","sticky":false,"template":"","format":"standard","meta":{"footnotes":""},"categories":[122],"tags":[],"_links":{"self":[{"href":"https:\/\/bernayneuvy.fr\/index.php?rest_route=\/wp\/v2\/posts\/4638"}],"collection":[{"href":"https:\/\/bernayneuvy.fr\/index.php?rest_route=\/wp\/v2\/posts"}],"about":[{"href":"https:\/\/bernayneuvy.fr\/index.php?rest_route=\/wp\/v2\/types\/post"}],"author":[{"embeddable":true,"href":"https:\/\/bernayneuvy.fr\/index.php?rest_route=\/wp\/v2\/users\/1"}],"replies":[{"embeddable":true,"href":"https:\/\/bernayneuvy.fr\/index.php?rest_route=%2Fwp%2Fv2%2Fcomments&post=4638"}],"version-history":[{"count":4,"href":"https:\/\/bernayneuvy.fr\/index.php?rest_route=\/wp\/v2\/posts\/4638\/revisions"}],"predecessor-version":[{"id":4642,"href":"https:\/\/bernayneuvy.fr\/index.php?rest_route=\/wp\/v2\/posts\/4638\/revisions\/4642"}],"wp:featuredmedia":[{"embeddable":true,"href":"https:\/\/bernayneuvy.fr\/index.php?rest_route=\/wp\/v2\/media\/4643"}],"wp:attachment":[{"href":"https:\/\/bernayneuvy.fr\/index.php?rest_route=%2Fwp%2Fv2%2Fmedia&parent=4638"}],"wp:term":[{"taxonomy":"category","embeddable":true,"href":"https:\/\/bernayneuvy.fr\/index.php?rest_route=%2Fwp%2Fv2%2Fcategories&post=4638"},{"taxonomy":"post_tag","embeddable":true,"href":"https:\/\/bernayneuvy.fr\/index.php?rest_route=%2Fwp%2Fv2%2Ftags&post=4638"}],"curies":[{"name":"wp","href":"https:\/\/api.w.org\/{rel}","templated":true}]}}