{"id":4514,"date":"2025-03-22T20:50:01","date_gmt":"2025-03-22T19:50:01","guid":{"rendered":"https:\/\/bernayneuvy.fr\/?p=4514"},"modified":"2025-05-22T21:35:22","modified_gmt":"2025-05-22T19:35:22","slug":"repas-des-aines-de-la-commune-2","status":"publish","type":"post","link":"https:\/\/bernayneuvy.fr\/?p=4514","title":{"rendered":"Repas des A\u00een\u00e9s de la commune"},"content":{"rendered":"\n\n\n<p style=\"text-align: justify;\">Le traditionnel repas des A\u00een\u00e9s Ruraux s&rsquo;est tenu cette ann\u00e9e le dimanche 16 mars, dans une ambiance conviviale et chaleureuse, r\u00e9unissant 71 convives, dont 10 membres du Conseil Municipal. Ce moment attendu par les seniors de la commune a une nouvelle fois \u00e9t\u00e9 l&rsquo;occasion de partager un agr\u00e9able repas et d&rsquo;\u00e9changer en prenant des nouvelles des uns les autres.<\/p>\n<p style=\"text-align: justify;\"><a href=\"https:\/\/bernayneuvy.fr\/wp-content\/uploads\/2025\/03\/IMG_8473.jpeg\"><img loading=\"lazy\" decoding=\"async\" class=\"aligncenter size-large wp-image-4516\" src=\"https:\/\/bernayneuvy.fr\/wp-content\/uploads\/2025\/03\/IMG_8473-1024x769.jpeg\" alt=\"\" width=\"1024\" height=\"769\" \/><\/a>Afin d&rsquo;assurer un service fluide et attentionn\u00e9, quatre jeunes de la commune ont g\u00e9n\u00e9reusement apport\u00e9 leur aide : Nolan POIVET, Arthur BIESBROUCK, Charl\u00e8ne PELUARD et Marceline DUBOIS. Leur engagement a \u00e9t\u00e9 particuli\u00e8rement appr\u00e9ci\u00e9 par l&rsquo;ensemble des participants, qui ont soulign\u00e9 leur dynamisme et leur bienveillance.<\/p>\n<p style=\"text-align: justify;\"><a href=\"https:\/\/bernayneuvy.fr\/wp-content\/uploads\/2025\/03\/IMG_8480.jpeg\"><img loading=\"lazy\" decoding=\"async\" class=\"aligncenter size-large wp-image-4517\" src=\"https:\/\/bernayneuvy.fr\/wp-content\/uploads\/2025\/03\/IMG_8480-1024x768.jpeg\" alt=\"\" width=\"1024\" height=\"768\" \/><\/a>Si les \u00e9ditions pr\u00e9c\u00e9dentes proposaient un spectacle en guise d&rsquo;animation, cette ann\u00e9e, l&rsquo;\u00e9v\u00e9nement s&rsquo;est recentr\u00e9 sur l&rsquo;essentiel : le plaisir de se retrouver autour d&rsquo;un bon repas. Les \u00e9changes anim\u00e9s et la bonne humeur ont rythm\u00e9 l&rsquo;apr\u00e8s-midi, t\u00e9moignant de la joie des participants \u00e0 se retrouver et \u00e0 partager ce moment de convivialit\u00e9.<\/p>\n<p style=\"text-align: justify;\">Ce repas festif a \u00e9t\u00e9 pr\u00e9par\u00e9 avec soin par un traiteur local, qui a su ravir les papilles des convives avec un menu savoureux. Au menu, des plats traditionnels et raffin\u00e9s qui ont fait l&rsquo;unanimit\u00e9, accompagn\u00e9s de vins choisis avec attention.<\/p>\n<p style=\"text-align: justify;\"><a href=\"https:\/\/bernayneuvy.fr\/wp-content\/uploads\/2025\/03\/IMG_8486.jpg\"><img loading=\"lazy\" decoding=\"async\" class=\"aligncenter size-large wp-image-4519\" src=\"https:\/\/bernayneuvy.fr\/wp-content\/uploads\/2025\/03\/IMG_8486-1024x768.jpg\" alt=\"\" width=\"1024\" height=\"768\" \/><\/a>Le repas des A\u00een\u00e9s Ruraux demeure un rendez-vous incontournable pour les habitants de la commune, contribuant \u00e0 renforcer les liens interg\u00e9n\u00e9rationnels et \u00e0 pr\u00e9server l&rsquo;esprit de solidarit\u00e9 qui anime le village.<\/p>\n<p style=\"text-align: justify;\">La mairie a donn\u00e9 rendez-vous aux a\u00een\u00e9s pour la prochaine \u00e9dition fix\u00e9e le dimanche 1er mars 2026, avec cette fois-ci un spectacle au programme, pour le plus grand plaisir des participants.<\/p>\n","protected":false},"excerpt":{"rendered":"<p>Le traditionnel repas des A\u00een\u00e9s Ruraux s&rsquo;est tenu cette ann\u00e9e le dimanche 16 mars, dans une ambiance conviviale et chaleureuse, r\u00e9unissant 71 convives, dont 10 membres du Conseil Municipal. Ce moment attendu par les seniors de la commune a une nouvelle fois \u00e9t\u00e9 l&rsquo;occasion de partager un agr\u00e9able repas et d&rsquo;\u00e9changer en prenant des nouvelles [&hellip;]<\/p>\n","protected":false},"author":1,"featured_media":4518,"comment_status":"closed","ping_status":"open","sticky":false,"template":"","format":"standard","meta":{"footnotes":""},"categories":[121,122],"tags":[],"_links":{"self":[{"href":"https:\/\/bernayneuvy.fr\/index.php?rest_route=\/wp\/v2\/posts\/4514"}],"collection":[{"href":"https:\/\/bernayneuvy.fr\/index.php?rest_route=\/wp\/v2\/posts"}],"about":[{"href":"https:\/\/bernayneuvy.fr\/index.php?rest_route=\/wp\/v2\/types\/post"}],"author":[{"embeddable":true,"href":"https:\/\/bernayneuvy.fr\/index.php?rest_route=\/wp\/v2\/users\/1"}],"replies":[{"embeddable":true,"href":"https:\/\/bernayneuvy.fr\/index.php?rest_route=%2Fwp%2Fv2%2Fcomments&post=4514"}],"version-history":[{"count":2,"href":"https:\/\/bernayneuvy.fr\/index.php?rest_route=\/wp\/v2\/posts\/4514\/revisions"}],"predecessor-version":[{"id":4520,"href":"https:\/\/bernayneuvy.fr\/index.php?rest_route=\/wp\/v2\/posts\/4514\/revisions\/4520"}],"wp:featuredmedia":[{"embeddable":true,"href":"https:\/\/bernayneuvy.fr\/index.php?rest_route=\/wp\/v2\/media\/4518"}],"wp:attachment":[{"href":"https:\/\/bernayneuvy.fr\/index.php?rest_route=%2Fwp%2Fv2%2Fmedia&parent=4514"}],"wp:term":[{"taxonomy":"category","embeddable":true,"href":"https:\/\/bernayneuvy.fr\/index.php?rest_route=%2Fwp%2Fv2%2Fcategories&post=4514"},{"taxonomy":"post_tag","embeddable":true,"href":"https:\/\/bernayneuvy.fr\/index.php?rest_route=%2Fwp%2Fv2%2Ftags&post=4514"}],"curies":[{"name":"wp","href":"https:\/\/api.w.org\/{rel}","templated":true}]}}