{"id":4462,"date":"2025-03-21T17:18:26","date_gmt":"2025-03-21T16:18:26","guid":{"rendered":"https:\/\/bernayneuvy.fr\/?p=4462"},"modified":"2025-03-25T20:03:16","modified_gmt":"2025-03-25T19:03:16","slug":"reouverture-du-relais-en-champagne","status":"publish","type":"post","link":"https:\/\/bernayneuvy.fr\/?p=4462","title":{"rendered":"R\u00e9ouverture du Relais-en-Champagne"},"content":{"rendered":"\n\n\n<p style=\"margin: 0cm; margin-bottom: .0001pt; text-align: justify;\">Le samedi 15 mars 2025, les habitants de Bernay-Neuvy-en-Champagne, \u00e9taient invit\u00e9 pour la r\u00e9ouverture du Relais en Champagne. Apr\u00e8s deux mois et demi de travaux de r\u00e9novation conduits par la Mairie, le Bar-Tabac-Restaurant cher aux Bernoviciens, ouvre ses portes avec un nouveau g\u00e9rant d\u00e9sireux de redonner toute sa convivialit\u00e9 \u00e0 ce lieu.<\/p>\n<p style=\"margin: 0cm; margin-bottom: .0001pt;\" data-start=\"488\" data-end=\"519\"><strong data-start=\"488\" data-end=\"519\"><a href=\"https:\/\/bernayneuvy.fr\/wp-content\/uploads\/2025\/03\/IMG_8524.jpeg\"><img loading=\"lazy\" decoding=\"async\" class=\"aligncenter size-large wp-image-4476\" src=\"https:\/\/bernayneuvy.fr\/wp-content\/uploads\/2025\/03\/IMG_8524-1024x610.jpeg\" alt=\"\" width=\"1024\" height=\"610\" \/><\/a><\/strong><\/p>\n<p data-start=\"488\" data-end=\"519\">\u00a0<\/p>\n<p style=\"margin: 0cm; margin-bottom: .0001pt;\" data-start=\"488\" data-end=\"519\"><strong data-start=\"488\" data-end=\"519\">Un Lieu R\u00e9nov\u00e9 et Modernis\u00e9<\/strong><\/p>\n<p style=\"margin: 0cm; margin-bottom: .0001pt; text-align: justify;\" data-start=\"521\" data-end=\"1252\">Ce Relais, qui avait \u00e9t\u00e9 dirig\u00e9 pendant douze ans par Pierrette Lesueur, a ferm\u00e9 ses portes pour permettre une remise \u00e0 niveau compl\u00e8te des locaux. Les travaux, pilot\u00e9s par la municipalit\u00e9, ont permis de r\u00e9organiser l\u2019espace, de remettre aux normes l\u2019\u00e9tablissement et de r\u00e9nover l\u2019appartement situ\u00e9 au-dessus du bar, et inoccup\u00e9 depuis tr\u00e8s longtemps. Le co\u00fbt total des travaux s\u2019\u00e9l\u00e8ve \u00e0 32 160 \u20ac, une somme partiellement couverte par une subvention de 10 000 \u20ac accord\u00e9e par la 4CPS dans le cadre du Fonds de concours pour les communes. Cette contribution, alli\u00e9e \u00e0 l\u2019implication des agents techniques communaux, qui ont consacr\u00e9 300 heures de travail, a permis de r\u00e9aliser cette r\u00e9habilitation \u00e0 moindre co\u00fbt pour la commune.<\/p>\n<p style=\"text-align: justify;\" data-start=\"1254\" data-end=\"1776\"><a href=\"https:\/\/bernayneuvy.fr\/wp-content\/uploads\/2025\/03\/IMG_8448.jpg\"><img loading=\"lazy\" decoding=\"async\" class=\"aligncenter size-large wp-image-4473\" src=\"https:\/\/bernayneuvy.fr\/wp-content\/uploads\/2025\/03\/IMG_8448-1024x768.jpg\" alt=\"\" width=\"1024\" height=\"768\" \/><\/a><\/p>\n<p style=\"text-align: justify;\" data-start=\"1254\" data-end=\"1776\"><a href=\"https:\/\/bernayneuvy.fr\/wp-content\/uploads\/2025\/03\/IMG_8436.jpg\"><img loading=\"lazy\" decoding=\"async\" class=\"aligncenter size-large wp-image-4472\" src=\"https:\/\/bernayneuvy.fr\/wp-content\/uploads\/2025\/03\/IMG_8436-1024x768.jpg\" alt=\"\" width=\"1024\" height=\"768\" \/><\/a><\/p>\n<p style=\"text-align: justify;\" data-start=\"1254\" data-end=\"1776\">Lors de l&rsquo;inauguration, le maire Vincent Hulot, entour\u00e9 de ses adjoints et conseillers municipaux, a exprim\u00e9 sa satisfaction de voir le Relais rouvrir apr\u00e8s ces r\u00e9novations ambitieuses. Il a \u00e9galement salu\u00e9 le travail de l\u2019\u00e9quipe municipale et des agents techniques qui ont facilit\u00e9 la r\u00e9alisation de ce projet. Vincent Moreau, adjoint charg\u00e9 des travaux, a d\u00e9taill\u00e9 les op\u00e9rations men\u00e9es, dont le relooking complet de la salle principale et la remise en \u00e9tat de l\u2019appartement, destin\u00e9 d\u00e9sormais \u00e0 accueillir le g\u00e9rant.<\/p>\n<p data-start=\"1778\" data-end=\"1832\"><strong data-start=\"1778\" data-end=\"1832\"><a href=\"https:\/\/bernayneuvy.fr\/wp-content\/uploads\/2025\/03\/IMG_8457.jpg\"><img loading=\"lazy\" decoding=\"async\" class=\"aligncenter size-large wp-image-4474\" src=\"https:\/\/bernayneuvy.fr\/wp-content\/uploads\/2025\/03\/IMG_8457-1024x768.jpg\" alt=\"\" width=\"1024\" height=\"768\" \/><\/a><\/strong><\/p>\n<p data-start=\"1778\" data-end=\"1832\"><strong data-start=\"1778\" data-end=\"1832\"><a href=\"https:\/\/bernayneuvy.fr\/wp-content\/uploads\/2025\/03\/IMG_8352.jpg\"><img loading=\"lazy\" decoding=\"async\" class=\"aligncenter size-large wp-image-4471\" src=\"https:\/\/bernayneuvy.fr\/wp-content\/uploads\/2025\/03\/IMG_8352-1024x768.jpg\" alt=\"\" width=\"1024\" height=\"768\" \/><\/a><\/strong><\/p>\n<p data-start=\"1778\" data-end=\"1832\"><strong data-start=\"1778\" data-end=\"1832\">Un Nouveau D\u00e9part sous la G\u00e9rance de Tony Derlon<\/strong><\/p>\n<p style=\"text-align: justify;\" data-start=\"1834\" data-end=\"2475\">Tony Derlon, qui prend les commandes du Relais-en-Champagne, a exprim\u00e9 son enthousiasme \u00e0 l\u2019id\u00e9e de faire vivre cet endroit. \u00ab Mon objectif est de cr\u00e9er un lieu de convivialit\u00e9, o\u00f9 les gens se retrouvent autour d\u2019un repas ou d\u2019un verre \u00bb, a-t-il d\u00e9clar\u00e9 lors de l\u2019\u00e9v\u00e9nement. Le Relais proposera d\u00e9sormais un menu routier quotidien, avec un buffet d\u2019entr\u00e9es, un plat du jour et un dessert, tous les midis de la semaine. Les soir\u00e9es du vendredi seront anim\u00e9es, avec des \u00e9v\u00e9nements ponctuels pour diversifier l\u2019offre. De plus, un stand de la Fran\u00e7aise des Jeux devrait bient\u00f4t faire son apparition pour ajouter un peu de divertissement \u00e0 l\u2019endroit.<\/p>\n<p style=\"text-align: justify;\" data-start=\"2477\" data-end=\"2859\"><a href=\"https:\/\/bernayneuvy.fr\/wp-content\/uploads\/2025\/03\/IMG_8461.jpg\"><img loading=\"lazy\" decoding=\"async\" class=\"aligncenter size-large wp-image-4475\" src=\"https:\/\/bernayneuvy.fr\/wp-content\/uploads\/2025\/03\/IMG_8461-1024x768.jpg\" alt=\"\" width=\"1024\" height=\"768\" \/><\/a><\/p>\n<p style=\"text-align: justify;\" data-start=\"2477\" data-end=\"2859\">Le Relais en Champagne, ouvert tous les jours, accueillera ses clients selon les <strong>horaires suivants : Lundi, mercredi, jeudi, vendredi de 7 h \u00e0 14 h 30 puis de 17 h \u00e0 19 h30. Le mardi de 7 H \u00e0 14 h 30, et enfin le dimanche de 8 H \u00e0 13 H. Contact : 02 43 25 66 91<\/strong>. Ce lieu r\u00e9nov\u00e9 et modernis\u00e9 se veut \u00eatre un point de rencontre pour tous les habitants de la commune, dans une ambiance chaleureuse et d\u00e9contract\u00e9e.<\/p>\n<p style=\"text-align: justify;\" data-start=\"2861\" data-end=\"3150\" data-is-last-node=\"\" data-is-only-node=\"\"><a href=\"https:\/\/bernayneuvy.fr\/wp-content\/uploads\/2025\/03\/IMG_7672.jpeg\"><img loading=\"lazy\" decoding=\"async\" class=\"aligncenter size-large wp-image-4470\" src=\"https:\/\/bernayneuvy.fr\/wp-content\/uploads\/2025\/03\/IMG_7672-1024x769.jpeg\" alt=\"\" width=\"1024\" height=\"769\" \/><\/a><\/p>\n<p style=\"text-align: justify;\" data-start=\"2861\" data-end=\"3150\" data-is-last-node=\"\" data-is-only-node=\"\">Ainsi, avec un projet soutenu par la municipalit\u00e9 et une g\u00e9rance pleine d\u2019enthousiasme, le Relais-en-Champagne se r\u00e9invente et s\u2019inscrit r\u00e9solument dans l\u2019avenir, offrant \u00e0 ses habitants un cadre agr\u00e9able pour se retrouver et partager des moments conviviaux.<\/p>\n<p data-start=\"2861\" data-end=\"3150\" data-is-last-node=\"\" data-is-only-node=\"\"><a href=\"https:\/\/bernayneuvy.fr\/wp-content\/uploads\/2025\/03\/DSC_2636.jpg\"><img loading=\"lazy\" decoding=\"async\" class=\"aligncenter size-large wp-image-4469\" src=\"https:\/\/bernayneuvy.fr\/wp-content\/uploads\/2025\/03\/DSC_2636-1024x683.jpg\" alt=\"\" width=\"1024\" height=\"683\" \/><\/a><\/p>\n","protected":false},"excerpt":{"rendered":"<p>Le samedi 15 mars 2025, les habitants de Bernay-Neuvy-en-Champagne, \u00e9taient invit\u00e9 pour la r\u00e9ouverture du Relais en Champagne. Apr\u00e8s deux mois et demi de travaux de r\u00e9novation conduits par la Mairie, le Bar-Tabac-Restaurant cher aux Bernoviciens, ouvre ses portes avec un nouveau g\u00e9rant d\u00e9sireux de redonner toute sa convivialit\u00e9 \u00e0 ce lieu. \u00a0 Un Lieu [&hellip;]<\/p>\n","protected":false},"author":1,"featured_media":4470,"comment_status":"closed","ping_status":"open","sticky":false,"template":"","format":"standard","meta":{"footnotes":""},"categories":[121,122,12],"tags":[],"_links":{"self":[{"href":"https:\/\/bernayneuvy.fr\/index.php?rest_route=\/wp\/v2\/posts\/4462"}],"collection":[{"href":"https:\/\/bernayneuvy.fr\/index.php?rest_route=\/wp\/v2\/posts"}],"about":[{"href":"https:\/\/bernayneuvy.fr\/index.php?rest_route=\/wp\/v2\/types\/post"}],"author":[{"embeddable":true,"href":"https:\/\/bernayneuvy.fr\/index.php?rest_route=\/wp\/v2\/users\/1"}],"replies":[{"embeddable":true,"href":"https:\/\/bernayneuvy.fr\/index.php?rest_route=%2Fwp%2Fv2%2Fcomments&post=4462"}],"version-history":[{"count":5,"href":"https:\/\/bernayneuvy.fr\/index.php?rest_route=\/wp\/v2\/posts\/4462\/revisions"}],"predecessor-version":[{"id":4480,"href":"https:\/\/bernayneuvy.fr\/index.php?rest_route=\/wp\/v2\/posts\/4462\/revisions\/4480"}],"wp:featuredmedia":[{"embeddable":true,"href":"https:\/\/bernayneuvy.fr\/index.php?rest_route=\/wp\/v2\/media\/4470"}],"wp:attachment":[{"href":"https:\/\/bernayneuvy.fr\/index.php?rest_route=%2Fwp%2Fv2%2Fmedia&parent=4462"}],"wp:term":[{"taxonomy":"category","embeddable":true,"href":"https:\/\/bernayneuvy.fr\/index.php?rest_route=%2Fwp%2Fv2%2Fcategories&post=4462"},{"taxonomy":"post_tag","embeddable":true,"href":"https:\/\/bernayneuvy.fr\/index.php?rest_route=%2Fwp%2Fv2%2Ftags&post=4462"}],"curies":[{"name":"wp","href":"https:\/\/api.w.org\/{rel}","templated":true}]}}