{"id":4327,"date":"2024-09-20T06:29:10","date_gmt":"2024-09-20T04:29:10","guid":{"rendered":"https:\/\/bernayneuvy.fr\/?p=4327"},"modified":"2025-05-22T21:39:31","modified_gmt":"2025-05-22T19:39:31","slug":"monsieur-quentin-spooner-sous-prefet-de-mamers","status":"publish","type":"post","link":"https:\/\/bernayneuvy.fr\/?p=4327","title":{"rendered":"Visite de Monsieur le Sous-Pr\u00e9fet de Mamers"},"content":{"rendered":"\n<p><strong>en visite \u00e0 Bernay-Neuvy-en-Champagne pour soutenir la dynamique locale<\/strong><\/p>\n\n\n\n<p style=\"text-align: justify;\">Le 17 septembre dernier, la commune de Bernay-Neuvy-en-Champagne a eu l&rsquo;honneur d&rsquo;accueillir Monsieur Quentin Spooner, Sous-Pr\u00e9fet de Mamers r\u00e9cemment en poste, pour une visite officielle. Il \u00e9tait accueilli d\u00e8s 14h00 sur la place de la mairie de Neuvy, par Monsieur le Maire, Vincent Hulot, et ses adjoints. Cette visite, ax\u00e9e sur le d\u00e9veloppement du tissu \u00e9conomique local et la d\u00e9couverte des projets communaux, a permis au Sous-Pr\u00e9fet de rencontrer des entrepreneurs locaux et de s\u2019impr\u00e9gner des sp\u00e9cificit\u00e9s du territoire.<\/p>\n<h6 style=\"text-align: center;\"><a href=\"https:\/\/bernayneuvy.fr\/wp-content\/uploads\/2024\/09\/Visite-Sous-prefet-Mamers-17-09-2024-Bernay-Neuvy-1.jpg\"><img loading=\"lazy\" decoding=\"async\" class=\"aligncenter wp-image-4329 size-large\" src=\"https:\/\/bernayneuvy.fr\/wp-content\/uploads\/2024\/09\/Visite-Sous-prefet-Mamers-17-09-2024-Bernay-Neuvy-1-1024x768.jpg\" alt=\"Vincent HULOT, maire de la commune de Bernay-Neuvy-en-Champagne, Visite Sous-pr\u00e9fet Mamers 17-09-2024 Bernay-Neuvy \" width=\"1024\" height=\"768\" \/><\/a><em>Le repr\u00e9sentant de l&rsquo;\u00c9tat a \u00e9t\u00e9 accueilli par le Maire et ses Adjoints<\/em><\/h6>\n<p>\u00a0<\/p>\n<p style=\"text-align: justify;\">Au fil des \u00e9changes, <strong>l\u2019attention et la qualit\u00e9 d\u2019\u00e9coute de Monsieur Spooner ont \u00e9t\u00e9 unanimement appr\u00e9ci\u00e9es<\/strong>. Le repr\u00e9sentant de l\u2019\u00c9tat a pris le temps de s\u2019int\u00e9resser \u00e0 chaque interlocuteur rencontr\u00e9, n\u2019h\u00e9sitant pas \u00e0 ajuster le programme pour prolonger les discussions quand cela \u00e9tait n\u00e9cessaire. Il prenait des notes attentivement, t\u00e9moignant d\u2019un int\u00e9r\u00eat sinc\u00e8re pour les projets et les pr\u00e9occupations de chacun.<\/p>\n<p style=\"text-align: justify;\">La visite a d\u00e9but\u00e9 par une \u00e9tape \u00e0 la <strong>Ferme des Boulaies<\/strong>, une exploitation agricole de 100 hectares dirig\u00e9e par Maxime et Emma Ferret. Sp\u00e9cialis\u00e9s dans la production porcine en naisseur-engraisseur, les jeunes agriculteurs ont partag\u00e9 avec enthousiasme leur parcours et les d\u00e9fis auxquels ils font face. Monsieur Spooner, en phase avec les probl\u00e9matiques du monde agricole, s\u2019est montr\u00e9 particuli\u00e8rement attentif \u00e0 leurs t\u00e9moignages, soulignant l\u2019int\u00e9r\u00eat de soutenir le monde agricole dans un contexte \u00e9conomique parfois incertain.<\/p>\n<h6 style=\"text-align: center;\"><a href=\"https:\/\/bernayneuvy.fr\/wp-content\/uploads\/2024\/09\/GAEC-des-Boulaies-17-09-2024-Bernay-Neuvy-4.jpg\"><img loading=\"lazy\" decoding=\"async\" class=\"aligncenter size-large wp-image-4331\" src=\"https:\/\/bernayneuvy.fr\/wp-content\/uploads\/2024\/09\/GAEC-des-Boulaies-17-09-2024-Bernay-Neuvy-4-1024x768.jpg\" alt=\"\" width=\"1024\" height=\"768\" \/><\/a><em>Monsieur Spooner s&rsquo;est rendu \u00e0 cette occasion dans un \u00e9levage porcin, une premi\u00e8re pour lui en tant que Sous-Pr\u00e9fet<\/em><\/h6>\n<p>\u00a0<\/p>\n<p style=\"text-align: justify;\">L\u2019apr\u00e8s-midi s\u2019est poursuivi avec la d\u00e9couverte de la <strong>Maison Familiale Rurale (MFR) de Bordign\u00e9<\/strong>, o\u00f9 le Sous-Pr\u00e9fet a pu \u00e9changer avec les \u00e9quipes p\u00e9dagogiques et les \u00e9l\u00e8ves. Cet \u00e9tablissement, sous contrat avec le Minist\u00e8re de l\u2019Agriculture, joue un r\u00f4le cl\u00e9 dans la formation des jeunes du territoire, en les pr\u00e9parant \u00e0 des m\u00e9tiers essentiels dans le secteur rural. Madame Marie Vannier, Directrice de l\u2019\u00e9tablissement, a pr\u00e9sent\u00e9 les diff\u00e9rentes formations propos\u00e9es, allant de la 4\u00e8me professionnelle au BTS. L\u00e0 encore, Monsieur Spooner s\u2019est montr\u00e9 tr\u00e8s \u00e0 l\u2019\u00e9coute, posant de nombreuses questions pour mieux comprendre le fonctionnement de cette structure. Il s\u2019est montr\u00e9 attentif \u00e0 l\u2019importance de l\u2019alternance et a \u00e9t\u00e9 tr\u00e8s agr\u00e9ablement surpris de l\u2019excellent taux d\u2019insertion professionnelle des jeunes \u00e0 leur sortie.<\/p>\n<h6 style=\"text-align: center;\"><a href=\"https:\/\/bernayneuvy.fr\/wp-content\/uploads\/2024\/09\/MFR-Bordigne-17-09-2024-Bernay-Neuvy-4.jpg\"><img loading=\"lazy\" decoding=\"async\" class=\"aligncenter wp-image-4332 size-large\" src=\"https:\/\/bernayneuvy.fr\/wp-content\/uploads\/2024\/09\/MFR-Bordigne-17-09-2024-Bernay-Neuvy-4-1024x768.jpg\" alt=\"MFR Bordign\u00e9 et Vincent HULOT, maire Bernay-Neuvy-en-Champagne\" width=\"1024\" height=\"768\" \/><\/a><strong><em>Monsieur le Sous-Pr\u00e9fet \u00e0 la rencontre des \u00e9l\u00e8ves et de l&rsquo;\u00e9quipe d&rsquo;encadrement de la MF<\/em>R <em>de Bordign\u00e9\u00a0<\/em><\/strong><a href=\"https:\/\/bernayneuvy.fr\/wp-content\/uploads\/2024\/09\/MFR-Bordigne-17-09-2024-Bernay-Neuvy-11.jpg\"><br \/><img loading=\"lazy\" decoding=\"async\" class=\"aligncenter size-large wp-image-4333\" src=\"https:\/\/bernayneuvy.fr\/wp-content\/uploads\/2024\/09\/MFR-Bordigne-17-09-2024-Bernay-Neuvy-11-1024x684.jpg\" alt=\"MFR Bordign\u00e9 et Vincent HULOT, maire Bernay-Neuvy-en-Champagne\" width=\"1024\" height=\"684\" \/><\/a><\/h6>\n<p>\u00a0<\/p>\n<p style=\"text-align: justify;\">Le dynamisme entrepreneurial de la commune a \u00e9t\u00e9 illustr\u00e9 par la visite au <strong>Centre \u00e9questre \u00ab\u00a0\u00c9curie du Tilleul\u00a0\u00bb<\/strong>, dirig\u00e9 par Sophie Leplu et S\u00e9bastien Escat. Cr\u00e9\u00e9 en 2019, cet \u00e9tablissement offre des services de pension, de dressage et d&rsquo;entra\u00eenement pour chevaux, ainsi que des cours et stages pour cavaliers. Le couple, anim\u00e9 par une passion commune, incarne l\u2019esprit d\u2019innovation et de d\u00e9veloppement de Bernay-Neuvy-en-Champagne. Ici encore, Monsieur Spooner a pris soin de prolonger les \u00e9changes pour bien saisir l&rsquo;ampleur du projet.<\/p>\n<h6 style=\"text-align: center;\"><a href=\"https:\/\/bernayneuvy.fr\/wp-content\/uploads\/2024\/09\/Ecurie-du-Tilleul-17-09-2024-Bernay-Neuvy-4.jpg\"><img loading=\"lazy\" decoding=\"async\" class=\"aligncenter wp-image-4335 size-large\" src=\"https:\/\/bernayneuvy.fr\/wp-content\/uploads\/2024\/09\/Ecurie-du-Tilleul-17-09-2024-Bernay-Neuvy-4-1024x768.jpg\" alt=\"Ecurie du Tilleul et Vincent HULOT, maire de Bernay-Neuvy-en-Champagne\" width=\"1024\" height=\"768\" \/><\/a><strong><em>Visite des installations performantes de l&rsquo;\u00e9curie du Tilleul avec un tout nouveau b\u00e2timent et des am\u00e9nagements vari\u00e9s pour l&rsquo;entra\u00eenement des chevaux<\/em><\/strong><a href=\"https:\/\/bernayneuvy.fr\/wp-content\/uploads\/2024\/09\/Ecurie-du-Tilleul-17-09-2024-Bernay-Neuvy-6.jpg\"><img loading=\"lazy\" decoding=\"async\" class=\"aligncenter size-large wp-image-4336\" src=\"https:\/\/bernayneuvy.fr\/wp-content\/uploads\/2024\/09\/Ecurie-du-Tilleul-17-09-2024-Bernay-Neuvy-6-1024x768.jpg\" alt=\"\" width=\"1024\" height=\"768\" \/><\/a><\/h6>\n<p>\u00a0<\/p>\n<p style=\"text-align: justify;\">La visite s&rsquo;est ensuite orient\u00e9e vers les <strong>r\u00e9alisations communales<\/strong>, o\u00f9 le Sous-Pr\u00e9fet a pu constater les avanc\u00e9es significatives en mati\u00e8re d&rsquo;infrastructures. Parmi les \u00e9tapes cl\u00e9s, la <strong>station d\u2019\u00e9puration de Bernay<\/strong>, inaugur\u00e9e en f\u00e9vrier dernier, t\u00e9moin de l\u2019engagement de la commune en faveur de la protection de l\u2019environnement. Le passage par les <strong>commerces de proximit\u00e9<\/strong> et l&rsquo;<strong>\u00c9cole Norbert-Brasseur<\/strong> a permis d\u2019\u00e9voquer les projets \u00e0 venir en mati\u00e8re de revitalisation du commerce local et les d\u00e9fis de la scolarisation en milieu rural. Le <strong>lotissement des Croix<\/strong>, viabilis\u00e9 en 2023, symbolise la volont\u00e9 de la commune d\u2019attirer de nouveaux habitants, tandis que la visite de l\u2019<strong>\u00e9glise St Julien<\/strong> \u00e0 Saint-Julien-le-Pauvre tout r\u00e9cemment restaur\u00e9e, a mis en lumi\u00e8re l\u2019exceptionnel patrimoine historique local.<\/p>\n<h6 style=\"text-align: center;\"><a href=\"https:\/\/bernayneuvy.fr\/wp-content\/uploads\/2024\/09\/Ets-Leplu-Dupont-17-09-2024-Bernay-Neuvy-3.jpg\"><img loading=\"lazy\" decoding=\"async\" class=\"aligncenter size-large wp-image-4337\" src=\"https:\/\/bernayneuvy.fr\/wp-content\/uploads\/2024\/09\/Ets-Leplu-Dupont-17-09-2024-Bernay-Neuvy-3-1024x768.jpg\" alt=\"Paul DUPONT et Vincent HULOT, maire de Bernay-Neuvy-en-Champagne\" width=\"1024\" height=\"768\" \/><\/a><em><strong>Paul DUPONT partageant son exp\u00e9rience en mati\u00e8re de r\u00e9novation dans le domaine de la charpente-couverture.<\/strong><\/em><\/h6>\n<p>\u00a0<\/p>\n<p style=\"text-align: justify;\">Pour cl\u00f4turer la visite, Monsieur Spooner a rencontr\u00e9 <strong>Paul Dupont<\/strong>, jeune artisan charpentier, au pied de l\u2019\u00e9glise Saint-Laurent, chef-d\u2019\u0153uvre class\u00e9 de style roman sur lequel il travaille en ce moment. L\u2019artisan de 36 ans, r\u00e9cemment \u00e0 la t\u00eate de l\u2019entreprise LEPLU-DUPONT, a partag\u00e9 son exp\u00e9rience sur la reprise d\u2019une entreprise artisanale, tout en soulignant l&rsquo;importance de la pr\u00e9servation du patrimoine architectural. L\u00e0 encore, le Sous-Pr\u00e9fet s\u2019est attard\u00e9 sur cette rencontre, prenant le temps n\u00e9cessaire pour bien comprendre les enjeux de l\u2019artisanat local et les difficult\u00e9s li\u00e9es \u00e0 trouver du personnel.<\/p>\n<h6 style=\"text-align: center;\"><a href=\"https:\/\/bernayneuvy.fr\/wp-content\/uploads\/2024\/09\/Ets-Leplu-Dupont-17-09-2024-Bernay-Neuvy-5.jpg\"><img loading=\"lazy\" decoding=\"async\" class=\"aligncenter size-large wp-image-4338\" src=\"https:\/\/bernayneuvy.fr\/wp-content\/uploads\/2024\/09\/Ets-Leplu-Dupont-17-09-2024-Bernay-Neuvy-5-1024x768.jpg\" alt=\"Paul DUPONT et Vincent HULOT, maire de Bernay-Neuvy-en-Champagne\" width=\"1024\" height=\"768\" \/><\/a><strong><em>Pose devant le chantier de r\u00e9novation confi\u00e9 \u00e0 l&rsquo;entreprise Leplu-Dupont sur l&rsquo;\u00e9glise romane Saint-Laurent.<\/em><\/strong><\/h6>\n<p>\u00a0<\/p>\n<p style=\"text-align: justify;\">Cette journ\u00e9e, riche en d\u00e9couvertes, a permis \u00e0 Monsieur Quentin Spooner de mieux appr\u00e9hender les r\u00e9alit\u00e9s et les d\u00e9fis de Bernay-Neuvy-en-Champagne, une commune r\u00e9solument tourn\u00e9e vers l\u2019avenir tout en restant profond\u00e9ment attach\u00e9e \u00e0 ses racines. Le Sous-Pr\u00e9fet a salu\u00e9 les efforts de la municipalit\u00e9 pour conjuguer d\u00e9veloppement \u00e9conomique et respect de l&rsquo;environnement, tout en rappelant le soutien de l&rsquo;\u00c9tat aux initiatives locales.<\/p>\n","protected":false},"excerpt":{"rendered":"<p>en visite \u00e0 Bernay-Neuvy-en-Champagne pour soutenir la dynamique locale Le 17 septembre dernier, la commune de Bernay-Neuvy-en-Champagne a eu l&rsquo;honneur d&rsquo;accueillir Monsieur Quentin Spooner, Sous-Pr\u00e9fet de Mamers r\u00e9cemment en poste, pour une visite officielle. Il \u00e9tait accueilli d\u00e8s 14h00 sur la place de la mairie de Neuvy, par Monsieur le Maire, Vincent Hulot, et ses [&hellip;]<\/p>\n","protected":false},"author":1,"featured_media":4342,"comment_status":"closed","ping_status":"open","sticky":false,"template":"","format":"standard","meta":{"footnotes":""},"categories":[121,122,14],"tags":[],"_links":{"self":[{"href":"https:\/\/bernayneuvy.fr\/index.php?rest_route=\/wp\/v2\/posts\/4327"}],"collection":[{"href":"https:\/\/bernayneuvy.fr\/index.php?rest_route=\/wp\/v2\/posts"}],"about":[{"href":"https:\/\/bernayneuvy.fr\/index.php?rest_route=\/wp\/v2\/types\/post"}],"author":[{"embeddable":true,"href":"https:\/\/bernayneuvy.fr\/index.php?rest_route=\/wp\/v2\/users\/1"}],"replies":[{"embeddable":true,"href":"https:\/\/bernayneuvy.fr\/index.php?rest_route=%2Fwp%2Fv2%2Fcomments&post=4327"}],"version-history":[{"count":11,"href":"https:\/\/bernayneuvy.fr\/index.php?rest_route=\/wp\/v2\/posts\/4327\/revisions"}],"predecessor-version":[{"id":4405,"href":"https:\/\/bernayneuvy.fr\/index.php?rest_route=\/wp\/v2\/posts\/4327\/revisions\/4405"}],"wp:featuredmedia":[{"embeddable":true,"href":"https:\/\/bernayneuvy.fr\/index.php?rest_route=\/wp\/v2\/media\/4342"}],"wp:attachment":[{"href":"https:\/\/bernayneuvy.fr\/index.php?rest_route=%2Fwp%2Fv2%2Fmedia&parent=4327"}],"wp:term":[{"taxonomy":"category","embeddable":true,"href":"https:\/\/bernayneuvy.fr\/index.php?rest_route=%2Fwp%2Fv2%2Fcategories&post=4327"},{"taxonomy":"post_tag","embeddable":true,"href":"https:\/\/bernayneuvy.fr\/index.php?rest_route=%2Fwp%2Fv2%2Ftags&post=4327"}],"curies":[{"name":"wp","href":"https:\/\/api.w.org\/{rel}","templated":true}]}}