{"id":4198,"date":"2024-08-12T06:07:03","date_gmt":"2024-08-12T04:07:03","guid":{"rendered":"https:\/\/bernayneuvy.fr\/?p=4198"},"modified":"2025-05-22T21:39:50","modified_gmt":"2025-05-22T19:39:50","slug":"80eme-anniversaire-de-la-liberation-en-presence-de-monsieur-le-prefet","status":"publish","type":"post","link":"https:\/\/bernayneuvy.fr\/?p=4198","title":{"rendered":"C\u00e9l\u00e9bration du 80\u00e8me anniversaire de la Lib\u00e9ration"},"content":{"rendered":"\n\n\n<p style=\"text-align: justify;\">Le 7 ao\u00fbt 2024, en fin d\u2019apr\u00e8s-midi, la commune de Bernay-Neuvy-en-Champagne a rendu hommage au sergent Archie ATKINS lors d\u2019une c\u00e9r\u00e9monie marquant le 80\u00e8me anniversaire de sa lib\u00e9ration. Avec les Porte-drapeaux, les anciens combattants, les officiels, habitants et jeunes, ce sont <strong>pr\u00e8s de 200 personnes<\/strong> qui se sont rassembl\u00e9es autour du monument nouvellement d\u00e9plac\u00e9 et restaur\u00e9.<\/p>\n<p><strong><a href=\"https:\/\/bernayneuvy.fr\/wp-content\/uploads\/2024\/08\/IMG_5135.jpg\"><img loading=\"lazy\" decoding=\"async\" class=\"aligncenter wp-image-4201 size-large\" src=\"https:\/\/bernayneuvy.fr\/wp-content\/uploads\/2024\/08\/IMG_5135-1024x683.jpg\" alt=\"\" width=\"1024\" height=\"683\" \/><\/a><a href=\"https:\/\/bernayneuvy.fr\/wp-content\/uploads\/2024\/08\/IMG_5193.jpg\"><img loading=\"lazy\" decoding=\"async\" class=\"aligncenter wp-image-4203 size-large\" src=\"https:\/\/bernayneuvy.fr\/wp-content\/uploads\/2024\/08\/IMG_5193-1024x683.jpg\" alt=\"Bernay-Neuvy 80\u00e8me anniversaire de la lib\u00e9ration\" width=\"1024\" height=\"683\" \/><\/a><\/strong><strong><a href=\"https:\/\/bernayneuvy.fr\/wp-content\/uploads\/2024\/08\/80eme-anniversaire-de-la-liberation-Bernay-Neuvy-1.jpg\"><img loading=\"lazy\" decoding=\"async\" class=\"aligncenter wp-image-4225 size-large\" src=\"https:\/\/bernayneuvy.fr\/wp-content\/uploads\/2024\/08\/80eme-anniversaire-de-la-liberation-Bernay-Neuvy-1-1024x685.jpg\" alt=\"Bernay-Neuvy 80\u00e8me anniversaire de la lib\u00e9ration\" width=\"1024\" height=\"685\" \/><\/a><\/strong><\/p>\n<p><strong>Ouverture de la c\u00e9r\u00e9monie par la lev\u00e9e des couleurs<\/strong><\/p>\n<p style=\"text-align: justify;\">Au lieu-dit Souvr\u00e9, place Maurice Launay, \u00e0 17h15, les nombreux participants entouraient le monument dans une ambiance solennelle. Les 18 porte-drapeaux formaient une garde d&rsquo;honneur parfaite pour l\u2019arriv\u00e9e des officiels et notamment de Monsieur Emmanuel Aubry, le Pr\u00e9fet de la Sarthe et de Monsieur Quentin Spooner, le tout nouveau Sous-Pr\u00e9fet de Mamers. \u00c0 17h30 pr\u00e9cises, le Maire de la commune, Monsieur Vincent Hulot, ouvrait la c\u00e9r\u00e9monie par un mot de bienvenue. Le ton de l\u2019\u00e9v\u00e9nement, empreint de respect et de gratitude, fut donn\u00e9 d\u00e8s le d\u00e9but. <em>\u00ab Monsieur le Pr\u00e9fet, votre pr\u00e9sence est pour nous un grand honneur. En cette journ\u00e9e historique, nous nous souvenons avec gratitude de la bravoure et du sacrifice des forces alli\u00e9es, et plus particuli\u00e8rement le 357\u00e8me R\u00e9giment de la Division d&rsquo;Infanterie Am\u00e9ricaine qui a jou\u00e9 un r\u00f4le crucial dans notre lib\u00e9ration. \u00bb<\/em><\/p>\n<p style=\"text-align: justify;\"><a href=\"https:\/\/bernayneuvy.fr\/wp-content\/uploads\/2024\/08\/80eme-anniversaire-de-la-liberation-Bernay-Neuvy-45.jpg\"><img loading=\"lazy\" decoding=\"async\" class=\"aligncenter wp-image-4229 size-large\" src=\"https:\/\/bernayneuvy.fr\/wp-content\/uploads\/2024\/08\/80eme-anniversaire-de-la-liberation-Bernay-Neuvy-45-1024x683.jpg\" alt=\"Vincent HULOT, maire de Bernay-Neuvy-en-Champagne 80\u00e8me anniversaire de la lib\u00e9ration\" width=\"1024\" height=\"683\" \/><\/a><a href=\"https:\/\/bernayneuvy.fr\/wp-content\/uploads\/2024\/08\/80eme-anniversaire-de-la-liberation-Bernay-Neuvy-43.jpg\"><img loading=\"lazy\" decoding=\"async\" class=\"aligncenter wp-image-4212 size-large\" src=\"https:\/\/bernayneuvy.fr\/wp-content\/uploads\/2024\/08\/80eme-anniversaire-de-la-liberation-Bernay-Neuvy-43-1024x678.jpg\" alt=\"Vincent HULOT, maire Bernay-Neuvy 80\u00e8me anniversaire de la lib\u00e9ration\" width=\"1024\" height=\"678\" \/><\/a><\/p>\n<p style=\"text-align: justify;\"><a href=\"https:\/\/bernayneuvy.fr\/wp-content\/uploads\/2024\/08\/80eme-anniversaire-de-la-liberation-Bernay-Neuvy-39.jpg\"><img loading=\"lazy\" decoding=\"async\" class=\"aligncenter wp-image-4213 size-large\" src=\"https:\/\/bernayneuvy.fr\/wp-content\/uploads\/2024\/08\/80eme-anniversaire-de-la-liberation-Bernay-Neuvy-39-1024x678.jpg\" alt=\"Vincent HULOT, maire de Bernay-Neuvy-en-Champagne 80\u00e8me anniversaire de la lib\u00e9ration\" width=\"1024\" height=\"678\" \/><\/a>Alors que l\u2019Harmonie Ste C\u00e9cile jouait l\u2019hymne national Am\u00e9ricain, Arthur et Cl\u00e9lia proc\u00e9daient \u00e0 la lev\u00e9e des couleurs du drapeau des \u00c9tats-Unis. Un geste symbolique en hommage aux alli\u00e9s ayant contribu\u00e9 \u00e0 la lib\u00e9ration. Le drapeau fran\u00e7ais flottait d\u00e9j\u00e0 fi\u00e8rement au sommet du m\u00e2t plac\u00e9 juste \u00e0 c\u00f4t\u00e9, rappelant ainsi l\u2019amiti\u00e9 entretenue par les deux nations<\/p>\n<p><a href=\"https:\/\/bernayneuvy.fr\/wp-content\/uploads\/2024\/08\/IMG_5225.jpg\"><img loading=\"lazy\" decoding=\"async\" class=\"aligncenter wp-image-4200 size-large\" src=\"https:\/\/bernayneuvy.fr\/wp-content\/uploads\/2024\/08\/IMG_5225-1024x683.jpg\" alt=\"Bernay-Neuvy 80\u00e8me anniversaire de la lib\u00e9ration\" width=\"1024\" height=\"683\" \/><\/a><a href=\"https:\/\/bernayneuvy.fr\/wp-content\/uploads\/2024\/08\/80eme-anniversaire-de-la-liberation-Bernay-Neuvy-47.jpg\"><img loading=\"lazy\" decoding=\"async\" class=\"aligncenter wp-image-4207 size-large\" src=\"https:\/\/bernayneuvy.fr\/wp-content\/uploads\/2024\/08\/80eme-anniversaire-de-la-liberation-Bernay-Neuvy-47-683x1024.jpg\" alt=\"Bernay-Neuvy 80\u00e8me anniversaire de la lib\u00e9ration\" width=\"683\" height=\"1024\" \/><\/a><\/p>\n<p>\u00a0<\/p>\n<p><strong>Hommage poignant avec la participation remarqu\u00e9e des jeunes\u00a0 <\/strong><\/p>\n<p style=\"text-align: justify;\">Les allocutions ont d\u00e9but\u00e9 par le discours du Maire<em> \u00ab Nous devons nous souvenir de ces heures sombres pour ainsi \u00e9viter de les revivre \u00e0 nouveau. C\u2019est dans cette volont\u00e9 que la mairie a souhait\u00e9 associer largement la jeunesse \u00e0 cette manifestation. \u00bb. <\/em><em>Dix-sept jeunes \u00e2g\u00e9s de 16 \u00e0 18 ans \u00e9taient impliqu\u00e9s, dont trois porte-drapeaux. <\/em><em>S\u2019en est suivi <\/em>un hommage au Sergent Archie Atkins, rendu par une \u00e9vocation poignante propos\u00e9e par Sylviane Sisinno assist\u00e9e de Ya\u00eblle, Ambrine, S\u00e9r\u00e9na et Tom.<\/p>\n<p style=\"text-align: justify;\"><a href=\"https:\/\/bernayneuvy.fr\/wp-content\/uploads\/2024\/08\/80eme-anniversaire-de-la-liberation-Bernay-Neuvy-38.jpg\"><img loading=\"lazy\" decoding=\"async\" class=\"aligncenter wp-image-4208 size-large\" src=\"https:\/\/bernayneuvy.fr\/wp-content\/uploads\/2024\/08\/80eme-anniversaire-de-la-liberation-Bernay-Neuvy-38-1024x678.jpg\" alt=\"Bernay-Neuvy 80\u00e8me anniversaire de la lib\u00e9ration\" width=\"1024\" height=\"678\" \/><\/a><a href=\"https:\/\/bernayneuvy.fr\/wp-content\/uploads\/2024\/08\/80eme-anniversaire-de-la-liberation-Bernay-Neuvy-50.jpg\"><img loading=\"lazy\" decoding=\"async\" class=\"aligncenter wp-image-4215 size-large\" src=\"https:\/\/bernayneuvy.fr\/wp-content\/uploads\/2024\/08\/80eme-anniversaire-de-la-liberation-Bernay-Neuvy-50-1024x683.jpg\" alt=\"Bernay-Neuvy 80\u00e8me anniversaire de la lib\u00e9ration\" width=\"1024\" height=\"683\" \/><\/a><\/p>\n<p style=\"text-align: justify;\">Ce moment de m\u00e9moire a touch\u00e9 l\u2019assistance, rappelant le sacrifice de ce jeune Sergent am\u00e9ricain de 23 ans. Le Pr\u00e9fet de la Sarthe, Monsieur Emmanuel Aubry, a ensuite pris la parole, soulignant l\u2019importance de pr\u00e9server le souvenir de ces \u00e9v\u00e9nements.<\/p>\n<p><strong><a href=\"https:\/\/bernayneuvy.fr\/wp-content\/uploads\/2024\/08\/80eme-anniversaire-de-la-liberation-Bernay-Neuvy-19-rotated.jpg\"><img loading=\"lazy\" decoding=\"async\" class=\"aligncenter wp-image-4211 size-large\" src=\"https:\/\/bernayneuvy.fr\/wp-content\/uploads\/2024\/08\/80eme-anniversaire-de-la-liberation-Bernay-Neuvy-19-685x1024.jpg\" alt=\"Bernay-Neuvy 80\u00e8me anniversaire de la lib\u00e9ration\" width=\"685\" height=\"1024\" \/><\/a><a href=\"https:\/\/bernayneuvy.fr\/wp-content\/uploads\/2024\/08\/80eme-anniversaire-de-la-liberation-Bernay-Neuvy-52.jpg\"><img loading=\"lazy\" decoding=\"async\" class=\"aligncenter wp-image-4224 size-large\" src=\"https:\/\/bernayneuvy.fr\/wp-content\/uploads\/2024\/08\/80eme-anniversaire-de-la-liberation-Bernay-Neuvy-52-1024x683.jpg\" alt=\"Bernay-Neuvy 80\u00e8me anniversaire de la lib\u00e9ration\" width=\"1024\" height=\"683\" \/><\/a><\/strong><\/p>\n<p><strong>D\u00e9voilement de la plaque comm\u00e9morative<\/strong><\/p>\n<p style=\"text-align: justify;\">Le point culminant de la c\u00e9r\u00e9monie a \u00e9t\u00e9 le d\u00e9voilement de la plaque comm\u00e9morative sur laquelle est inscrit le nom du Sergent Archie Atkins. D\u00e9pos\u00e9e avec soin par Armand et Svenja, elle a \u00e9t\u00e9 d\u00e9voil\u00e9e par Monsieur le Maire, Monsieur le Pr\u00e9fet de la Sarthe, et Madame Claire Moquet, Commandante de la compagnie de gendarmerie du Mans. Cette plaque sera fix\u00e9e dans les jours \u00e0 venir sur le monument aux morts \u00e0 Saint Julien-le-Pauvre. Ce geste symbolique marque la reconnaissance de la commune envers ses lib\u00e9rateurs.<\/p>\n<p><strong><a href=\"https:\/\/bernayneuvy.fr\/wp-content\/uploads\/2024\/08\/IMG_5250-rotated.jpg\"><img loading=\"lazy\" decoding=\"async\" class=\"aligncenter wp-image-4202 size-large\" src=\"https:\/\/bernayneuvy.fr\/wp-content\/uploads\/2024\/08\/IMG_5250-683x1024.jpg\" alt=\"Bernay-Neuvy 80\u00e8me anniversaire de la lib\u00e9ration\" width=\"683\" height=\"1024\" \/><\/a><a href=\"https:\/\/bernayneuvy.fr\/wp-content\/uploads\/2024\/08\/80eme-anniversaire-de-la-liberation-Bernay-Neuvy-13.jpg\"><img loading=\"lazy\" decoding=\"async\" class=\"aligncenter wp-image-4221 size-large\" src=\"https:\/\/bernayneuvy.fr\/wp-content\/uploads\/2024\/08\/80eme-anniversaire-de-la-liberation-Bernay-Neuvy-13-1024x678.jpg\" alt=\"Bernay-Neuvy 80\u00e8me anniversaire de la lib\u00e9ration\" width=\"1024\" height=\"678\" \/><\/a>\u00a0<\/strong><\/p>\n<p><strong>D\u00e9p\u00f4t de gerbes et minute de silence<\/strong><\/p>\n<p style=\"text-align: justify;\">Les autorit\u00e9s pr\u00e9sentes ont ensuite proc\u00e9d\u00e9 au d\u00e9p\u00f4t de gerbes. Fran\u00e7ois Sisinno a guid\u00e9 ce moment solennel avec une rigueur militaire. Le Pr\u00e9sident d\u00e9partemental de l&rsquo;UNC, Monsieur Yves Suard, a d\u00e9pos\u00e9 la premi\u00e8re gerbe avec Lucie. Puis ce fut le tour de Monsieur le Maire accompagn\u00e9 de Orlane, et enfin de Monsieur le Pr\u00e9fet qui avait \u00e0 ses c\u00f4t\u00e9s Marcelline et Math\u00e9o. Chaque geste, chaque pas \u00e9taient mesur\u00e9s, soulignant l\u2019importance de l\u2019instant.<\/p>\n<p style=\"text-align: justify;\"><a href=\"https:\/\/bernayneuvy.fr\/wp-content\/uploads\/2024\/08\/80eme-anniversaire-de-la-liberation-Bernay-Neuvy-29.jpg\"><img loading=\"lazy\" decoding=\"async\" class=\"aligncenter wp-image-4209 size-large\" src=\"https:\/\/bernayneuvy.fr\/wp-content\/uploads\/2024\/08\/80eme-anniversaire-de-la-liberation-Bernay-Neuvy-29-1024x678.jpg\" alt=\"Vincent HULOT, maire Bernay-Neuvy 80\u00e8me anniversaire de la lib\u00e9ration\" width=\"1024\" height=\"678\" \/><\/a><a href=\"https:\/\/bernayneuvy.fr\/wp-content\/uploads\/2024\/08\/80eme-anniversaire-de-la-liberation-Bernay-Neuvy-63.jpg\"><img loading=\"lazy\" decoding=\"async\" class=\"aligncenter wp-image-4206 size-large\" src=\"https:\/\/bernayneuvy.fr\/wp-content\/uploads\/2024\/08\/80eme-anniversaire-de-la-liberation-Bernay-Neuvy-63-1024x683.jpg\" alt=\"Bernay-Neuvy 80\u00e8me anniversaire de la lib\u00e9ration\" width=\"1024\" height=\"683\" \/><\/a>L\u2019Harmonie Ste C\u00e9cile a ensuite interpr\u00e9t\u00e9 la sonnerie aux morts Am\u00e9ricaine, puis a laiss\u00e9 place \u00e0 la minute de silence et de recueillement en l\u2019honneur des disparus des guerres. La c\u00e9r\u00e9monie s&rsquo;est conclue par la Marseillaise chant\u00e9e avec ferveur par toutes les personnes pr\u00e9sentes.<\/p>\n<p><strong><a href=\"https:\/\/bernayneuvy.fr\/wp-content\/uploads\/2024\/08\/80eme-anniversaire-de-la-liberation-Bernay-Neuvy-46.jpg\"><img loading=\"lazy\" decoding=\"async\" class=\"aligncenter wp-image-4216 size-large\" src=\"https:\/\/bernayneuvy.fr\/wp-content\/uploads\/2024\/08\/80eme-anniversaire-de-la-liberation-Bernay-Neuvy-46-1024x683.jpg\" alt=\"Bernay-Neuvy 80\u00e8me anniversaire de la lib\u00e9ration\" width=\"1024\" height=\"683\" \/><\/a><\/strong><\/p>\n<p><strong>Vin d&rsquo;honneur et remerciements<\/strong><\/p>\n<p style=\"text-align: justify;\">Avant de clore cet \u00e9v\u00e9nement, les autorit\u00e9s ont salu\u00e9 les anciens combattants, remerci\u00e9 les porte-drapeaux pour leur d\u00e9vouement, et exprim\u00e9 leur gratitude envers les jeunes pour leur participation active. La municipalit\u00e9, repr\u00e9sent\u00e9e par Monsieur le Maire, a ensuite invit\u00e9 la nombreuse assistance \u00e0 partager le verre de l&rsquo;amiti\u00e9, cl\u00f4turant ainsi cette journ\u00e9e de m\u00e9moire dans un esprit de convivialit\u00e9.<\/p>\n<p><a href=\"https:\/\/bernayneuvy.fr\/wp-content\/uploads\/2024\/08\/80eme-anniversaire-de-la-liberation-Bernay-Neuvy-16.jpg\"><img loading=\"lazy\" decoding=\"async\" class=\"aligncenter wp-image-4210 size-large\" src=\"https:\/\/bernayneuvy.fr\/wp-content\/uploads\/2024\/08\/80eme-anniversaire-de-la-liberation-Bernay-Neuvy-16-1024x678.jpg\" alt=\"Bernay-Neuvy 80\u00e8me anniversaire de la lib\u00e9ration\" width=\"1024\" height=\"678\" \/><\/a><a href=\"https:\/\/bernayneuvy.fr\/wp-content\/uploads\/2024\/08\/80eme-anniversaire-de-la-liberation-Bernay-Neuvy-18.jpg\"><img loading=\"lazy\" decoding=\"async\" class=\"aligncenter wp-image-4222 size-large\" src=\"https:\/\/bernayneuvy.fr\/wp-content\/uploads\/2024\/08\/80eme-anniversaire-de-la-liberation-Bernay-Neuvy-18-1024x683.jpg\" alt=\"Bernay-Neuvy 80\u00e8me anniversaire de la lib\u00e9ration\" width=\"1024\" height=\"683\" \/><\/a><a href=\"https:\/\/bernayneuvy.fr\/wp-content\/uploads\/2024\/08\/80eme-anniversaire-de-la-liberation-Bernay-Neuvy-33.jpg\"><img loading=\"lazy\" decoding=\"async\" class=\"aligncenter wp-image-4204 size-large\" src=\"https:\/\/bernayneuvy.fr\/wp-content\/uploads\/2024\/08\/80eme-anniversaire-de-la-liberation-Bernay-Neuvy-33-1024x678.jpg\" alt=\"Bernay-Neuvy 80\u00e8me anniversaire de la lib\u00e9ration\" width=\"1024\" height=\"678\" \/><\/a><a href=\"https:\/\/bernayneuvy.fr\/wp-content\/uploads\/2024\/08\/80eme-anniversaire-de-la-liberation-Bernay-Neuvy-36.jpg\"><img loading=\"lazy\" decoding=\"async\" class=\"aligncenter wp-image-4205 size-large\" src=\"https:\/\/bernayneuvy.fr\/wp-content\/uploads\/2024\/08\/80eme-anniversaire-de-la-liberation-Bernay-Neuvy-36-1024x678.jpg\" alt=\"Bernay-Neuvy 80\u00e8me anniversaire de la lib\u00e9ration, Vincent HULOT, maire de la commune de Bernay-Neuvy-en-Champagne\" width=\"1024\" height=\"678\" \/><\/a><\/p>\n","protected":false},"excerpt":{"rendered":"<p>Le 7 ao\u00fbt 2024, en fin d\u2019apr\u00e8s-midi, la commune de Bernay-Neuvy-en-Champagne a rendu hommage au sergent Archie ATKINS lors d\u2019une c\u00e9r\u00e9monie marquant le 80\u00e8me anniversaire de sa lib\u00e9ration. Avec les Porte-drapeaux, les anciens combattants, les officiels, habitants et jeunes, ce sont pr\u00e8s de 200 personnes qui se sont rassembl\u00e9es autour du monument nouvellement d\u00e9plac\u00e9 et [&hellip;]<\/p>\n","protected":false},"author":1,"featured_media":4214,"comment_status":"closed","ping_status":"open","sticky":false,"template":"","format":"standard","meta":{"footnotes":""},"categories":[121,122,14],"tags":[],"_links":{"self":[{"href":"https:\/\/bernayneuvy.fr\/index.php?rest_route=\/wp\/v2\/posts\/4198"}],"collection":[{"href":"https:\/\/bernayneuvy.fr\/index.php?rest_route=\/wp\/v2\/posts"}],"about":[{"href":"https:\/\/bernayneuvy.fr\/index.php?rest_route=\/wp\/v2\/types\/post"}],"author":[{"embeddable":true,"href":"https:\/\/bernayneuvy.fr\/index.php?rest_route=\/wp\/v2\/users\/1"}],"replies":[{"embeddable":true,"href":"https:\/\/bernayneuvy.fr\/index.php?rest_route=%2Fwp%2Fv2%2Fcomments&post=4198"}],"version-history":[{"count":10,"href":"https:\/\/bernayneuvy.fr\/index.php?rest_route=\/wp\/v2\/posts\/4198\/revisions"}],"predecessor-version":[{"id":4408,"href":"https:\/\/bernayneuvy.fr\/index.php?rest_route=\/wp\/v2\/posts\/4198\/revisions\/4408"}],"wp:featuredmedia":[{"embeddable":true,"href":"https:\/\/bernayneuvy.fr\/index.php?rest_route=\/wp\/v2\/media\/4214"}],"wp:attachment":[{"href":"https:\/\/bernayneuvy.fr\/index.php?rest_route=%2Fwp%2Fv2%2Fmedia&parent=4198"}],"wp:term":[{"taxonomy":"category","embeddable":true,"href":"https:\/\/bernayneuvy.fr\/index.php?rest_route=%2Fwp%2Fv2%2Fcategories&post=4198"},{"taxonomy":"post_tag","embeddable":true,"href":"https:\/\/bernayneuvy.fr\/index.php?rest_route=%2Fwp%2Fv2%2Ftags&post=4198"}],"curies":[{"name":"wp","href":"https:\/\/api.w.org\/{rel}","templated":true}]}}