{"id":4124,"date":"2024-04-08T10:42:31","date_gmt":"2024-04-08T08:42:31","guid":{"rendered":"https:\/\/bernayneuvy.fr\/?p=4124"},"modified":"2024-09-20T09:10:17","modified_gmt":"2024-09-20T07:10:17","slug":"agrandissement-et-reamenagement-du-parking-de-la-petite-metairie","status":"publish","type":"post","link":"https:\/\/bernayneuvy.fr\/?p=4124","title":{"rendered":"Agrandissement et r\u00e9am\u00e9nagement du parking de la Petite M\u00e9tairie"},"content":{"rendered":"\n<p><strong>En tout premier lieu acqu\u00e9rir du terrain <\/strong><\/p>\n<p style=\"text-align: justify;\">Afin de pouvoir agrandir et r\u00e9am\u00e9nager ce parking, le conseil municipal avait d\u00e9cid\u00e9 lors de sa s\u00e9ance en date du 31 mai 2022, d\u2019acqu\u00e9rir une partie de la parcelle attenante et de vendre le jardin qui est attach\u00e9 au logement communal situ\u00e9 au 2 rue de la Petite M\u00e9tairie.<\/p>\n<p style=\"text-align: justify;\">Le jardinet d\u00e9laiss\u00e9 et qui ne n\u00e9cessitait pas de modification de bornage, a \u00e9t\u00e9 c\u00e9d\u00e9 \u00e0 Monsieur et Madame TANT Fr\u00e9d\u00e9ric qui en avait \u00e9mis le souhait par \u00e9crit. Op\u00e9ration r\u00e9alis\u00e9e devant notaire, le 17 octobre 2023.<\/p>\n<p style=\"text-align: justify;\">Concernant l\u2019agrandissement du parking, la mairie a obtenu l\u2019accord de Monsieur BOUCHARD et Madame GAMBIER, les tout nouveaux propri\u00e9taires. Le bornage a \u00e9t\u00e9 r\u00e9alis\u00e9 le 1er f\u00e9vrier 2023 par le Cabinet G\u00c9OMANS. La vente des 95 m\u00b2 a \u00e9t\u00e9 finalis\u00e9e par-devant notaire, le 6 novembre 2023 au prix de 5 euros le m\u00b2. Naturellement, les droits de passage accord\u00e9s aux propri\u00e9taires des jardinets qui se trouvent par-del\u00e0 le parking, ont \u00e9t\u00e9 repris dans l\u2019acte de vente (actuellement Monsieur Laurent BOY et Monsieur Fabrice CORBEAU).<\/p>\n<p><strong>Des travaux r\u00e9aliser en deux temps<\/strong><\/p>\n<p style=\"text-align: justify;\">Pour essayer de parvenir \u00e0 r\u00e9aliser les travaux de ce parking avant la fin de l\u2019ann\u00e9e civile, la mairie avait obtenu l\u2019autorisation des vendeurs de pouvoir r\u00e9aliser par anticipation quelques travaux. C\u2019est ainsi que la soci\u00e9t\u00e9 PELTIER est venue vendredi 3 novembre, pour creuser les fondations et permettre la construction du muret en pierres de sout\u00e8nement. En effet, le terrain l\u00e9g\u00e8rement en pente devait \u00eatre redress\u00e9. Toutefois, la pluie incessante a fait perdre l\u2019avance sur les travaux et les fondations n\u2019ont pu \u00eatre coul\u00e9es qu\u2019\u00e0 la mi-d\u00e9cembre ainsi que la pose des parpaings de banchage par les agents communaux. La construction du muret en pierres a \u00e9t\u00e9 r\u00e9alis\u00e9e au cours du mois de f\u00e9vrier 2024, en r\u00e9gie par les agents techniques communaux.<\/p>\n<p style=\"text-align: justify;\"><a href=\"https:\/\/bernayneuvy.fr\/wp-content\/uploads\/2024\/04\/IMG_2289.jpg\"><img loading=\"lazy\" decoding=\"async\" class=\"aligncenter wp-image-4170 size-large\" src=\"https:\/\/bernayneuvy.fr\/wp-content\/uploads\/2024\/04\/IMG_2289-1024x768.jpg\" alt=\"\" width=\"1024\" height=\"768\" \/><\/a><a href=\"https:\/\/bernayneuvy.fr\/wp-content\/uploads\/2024\/04\/IMG_2850.jpg\"><img loading=\"lazy\" decoding=\"async\" class=\"aligncenter wp-image-4169 size-large\" src=\"https:\/\/bernayneuvy.fr\/wp-content\/uploads\/2024\/04\/IMG_2850-1024x768.jpg\" alt=\"\" width=\"1024\" height=\"768\" \/><\/a>Le mardi 2 avril l\u2019\u00e9quipe PELTIER d\u00e9marrait les travaux d\u2019am\u00e9nagement de l\u2019aire de stationnement de la rue de la Petite M\u00e9tairie. Ces derniers ont \u00e9t\u00e9 achev\u00e9s en seulement deux jours, ce qui a permis d\u2019ouvrir cet espace au stationnement d\u00e8s le lundi 8 avril 2024. Il fallait en effet attendre quelques jours pour permettre le s\u00e9chage des d\u00e9limitations des emplacements de stationnement r\u00e9alis\u00e9es avec des bordures de trottoir enterr\u00e9e \u00e0 fleur de terre.<\/p>\n<p><strong><a href=\"https:\/\/bernayneuvy.fr\/wp-content\/uploads\/2024\/04\/IMG_3731.jpg\"><img loading=\"lazy\" decoding=\"async\" class=\"aligncenter wp-image-4167 size-large\" src=\"https:\/\/bernayneuvy.fr\/wp-content\/uploads\/2024\/04\/IMG_3731-1024x768.jpg\" alt=\"\" width=\"1024\" height=\"768\" \/><\/a><\/strong><\/p>\n<p><strong><a href=\"https:\/\/bernayneuvy.fr\/wp-content\/uploads\/2024\/04\/IMG_3727.jpg\"><img loading=\"lazy\" decoding=\"async\" class=\"aligncenter wp-image-4168 size-large\" src=\"https:\/\/bernayneuvy.fr\/wp-content\/uploads\/2024\/04\/IMG_3727-1024x768.jpg\" alt=\"\" width=\"1024\" height=\"768\" \/><\/a>Une aire de stationnement bien am\u00e9nag\u00e9e<\/strong><\/p>\n<p style=\"text-align: justify;\">Ce nouvel espace offre d\u00e9sormais 9 emplacements de stationnement pour des voitures et 3 emplacements r\u00e9serv\u00e9s aux v\u00e9hicules longs. Les panneaux de signalisation ont \u00e9t\u00e9 command\u00e9s, \u00e0 savoir un panneau indiquant un parking et une interdiction de stationner avec en dessous, sauf pour ces 3 places r\u00e9serv\u00e9es aux v\u00e9hicules longs.<\/p>\n<p style=\"text-align: justify;\"><a href=\"https:\/\/bernayneuvy.fr\/wp-content\/uploads\/2024\/04\/IMG_4821.jpg\"><img loading=\"lazy\" decoding=\"async\" class=\"aligncenter wp-image-4174 size-large\" src=\"https:\/\/bernayneuvy.fr\/wp-content\/uploads\/2024\/04\/IMG_4821-1024x768.jpg\" alt=\"\" width=\"1024\" height=\"768\" \/><\/a>Il aura fallu deux ans pour que ce projet d\u2019agrandissement et de r\u00e9am\u00e9nagement du parking de la Petite M\u00e9tairie, puisse enfin voir le jour. Les d\u00e9marches administratives longues et la m\u00e9t\u00e9o particuli\u00e8rement pluvieuse de l\u2019hiver, n\u2019auront pas permis de r\u00e9aliser plus rapidement ce projet. Le r\u00e9sultat est par contre tr\u00e8s concluant et les usagers se disent pleinement satisfaits du r\u00e9sultat.<\/p>\n","protected":false},"excerpt":{"rendered":"<p>En tout premier lieu acqu\u00e9rir du terrain Afin de pouvoir agrandir et r\u00e9am\u00e9nager ce parking, le conseil municipal avait d\u00e9cid\u00e9 lors de sa s\u00e9ance en date du 31 mai 2022, d\u2019acqu\u00e9rir une partie de la parcelle attenante et de vendre le jardin qui est attach\u00e9 au logement communal situ\u00e9 au 2 rue de la Petite [&hellip;]<\/p>\n","protected":false},"author":1,"featured_media":4174,"comment_status":"closed","ping_status":"open","sticky":false,"template":"","format":"standard","meta":{"footnotes":""},"categories":[122],"tags":[],"_links":{"self":[{"href":"https:\/\/bernayneuvy.fr\/index.php?rest_route=\/wp\/v2\/posts\/4124"}],"collection":[{"href":"https:\/\/bernayneuvy.fr\/index.php?rest_route=\/wp\/v2\/posts"}],"about":[{"href":"https:\/\/bernayneuvy.fr\/index.php?rest_route=\/wp\/v2\/types\/post"}],"author":[{"embeddable":true,"href":"https:\/\/bernayneuvy.fr\/index.php?rest_route=\/wp\/v2\/users\/1"}],"replies":[{"embeddable":true,"href":"https:\/\/bernayneuvy.fr\/index.php?rest_route=%2Fwp%2Fv2%2Fcomments&post=4124"}],"version-history":[{"count":5,"href":"https:\/\/bernayneuvy.fr\/index.php?rest_route=\/wp\/v2\/posts\/4124\/revisions"}],"predecessor-version":[{"id":4364,"href":"https:\/\/bernayneuvy.fr\/index.php?rest_route=\/wp\/v2\/posts\/4124\/revisions\/4364"}],"wp:featuredmedia":[{"embeddable":true,"href":"https:\/\/bernayneuvy.fr\/index.php?rest_route=\/wp\/v2\/media\/4174"}],"wp:attachment":[{"href":"https:\/\/bernayneuvy.fr\/index.php?rest_route=%2Fwp%2Fv2%2Fmedia&parent=4124"}],"wp:term":[{"taxonomy":"category","embeddable":true,"href":"https:\/\/bernayneuvy.fr\/index.php?rest_route=%2Fwp%2Fv2%2Fcategories&post=4124"},{"taxonomy":"post_tag","embeddable":true,"href":"https:\/\/bernayneuvy.fr\/index.php?rest_route=%2Fwp%2Fv2%2Ftags&post=4124"}],"curies":[{"name":"wp","href":"https:\/\/api.w.org\/{rel}","templated":true}]}}