{"id":3687,"date":"2022-05-19T21:15:00","date_gmt":"2022-05-19T19:15:00","guid":{"rendered":"https:\/\/bernayneuvy.fr\/?p=3687"},"modified":"2022-09-14T06:16:22","modified_gmt":"2022-09-14T04:16:22","slug":"vincent-hulot-prend-sa-retraite-apres-40-ans-denseignement-dont-plus-de-38-ans-passes-a-la-mfr-de-bordigne","status":"publish","type":"post","link":"https:\/\/bernayneuvy.fr\/?p=3687","title":{"rendered":"Vincent Hulot prend sa retraite apr\u00e8s 40 ans d\u2019enseignement, dont plus de 38 ans pass\u00e9s \u00e0 la MFR de Bordign\u00e9"},"content":{"rendered":"\n<p style=\"text-align: justify;\">Officiellement en retraite depuis le 1er janvier dernier, c&rsquo;est seulement le jeudi 19 mai 2022 que Vincent HULOT a f\u00eat\u00e9 son d\u00e9part de la Maison Familiale de Bernay. Cette sortie, il avait souhait\u00e9 la faire entour\u00e9 de ses \u00e9l\u00e8ves, comme un dernier adieu \u00e0 une vie professionnelle totalement consacr\u00e9e \u00e0 la jeunesse, \u00e0 la formation et au territoire. Pourtant, rien ne laissait entrevoir le parcours du jeune gar\u00e7on de l&rsquo;\u00e9poque, septi\u00e8me d&rsquo;une famille de dix enfants. Il se lance apr\u00e8s le coll\u00e8ge dans des \u00e9tudes agricoles et choisi pour cela, la fili\u00e8re par alternance propos\u00e9e par les Maisons familiales Rurales.<\/p>\n<h3><strong><a href=\"https:\/\/bernayneuvy.fr\/wp-content\/uploads\/2022\/09\/DSC_0258.jpg\"><img loading=\"lazy\" decoding=\"async\" class=\"aligncenter size-large wp-image-3688\" src=\"https:\/\/bernayneuvy.fr\/wp-content\/uploads\/2022\/09\/DSC_0258-1024x662.jpg\" alt=\"\" width=\"1024\" height=\"662\" \/><\/a><\/strong><\/h3>\n<pre style=\"text-align: center;\"><em>Vincent HULOT au centre, entour\u00e9 pour son d\u00e9part de coll\u00e8gues et d'\u00e9l\u00e8ves<\/em><\/pre>\n<h3><strong>Il enseigne d\u00e8s l\u2019\u00e2ge de 20 ans<\/strong><\/h3>\n<p style=\"text-align: justify;\">Aussit\u00f4t le dipl\u00f4me de technicien agricole en poche, il embrasse par conviction le m\u00e9tier d&rsquo;enseignant en faisant ses premi\u00e8res armes \u00e0 la MFR de Villaines-la-Juhel en Mayenne. En ao\u00fbt 1983, d\u00e8s que l&rsquo;occasion lui en est donn\u00e9e, il revient au pays o\u00f9 il est n\u00e9, pour int\u00e9grer l&rsquo;\u00e9quipe p\u00e9dagogique de Bernay-en-Champagne <em>\u00ab\u00a0je garderai toute ma vie le souvenir \u00e9mu de ces premi\u00e8res ann\u00e9es de ma carri\u00e8re, avec une pens\u00e9e toute particuli\u00e8re pour Hubert CHERBONNIER. C&rsquo;est lui qui m&rsquo;a tout appris du m\u00e9tier. Pour moi un homme d&rsquo;exception, une r\u00e9f\u00e9rence \u00e0 m\u00e9diter et un exemple \u00e0 suivre. \u00a0\u00bb <\/em><\/p>\n<h3><strong>Nomm\u00e9 directeur de la MFR de Bernay en 1995<\/strong><\/h3>\n<p style=\"text-align: justify;\">En 1995, c&rsquo;est l&rsquo;ann\u00e9e o\u00f9 Vincent HULOT se voit alors confier la direction de cet \u00e9tablissement de formation. Sans que l&rsquo;on puisse vraiment se l&rsquo;expliquer, les effectifs grimpent pour passer en trois ann\u00e9es, de 86 \u00e0 124 \u00e9l\u00e8ves. S\u00fbrement le dynamisme communicatif de ce jeune directeur de 33 ans mais aussi la qualit\u00e9 de l&rsquo;\u00e9quipe p\u00e9dagogique\/administrative qui l&rsquo;entoure.<\/p>\n<pre style=\"text-align: justify;\"><em><a href=\"https:\/\/bernayneuvy.fr\/wp-content\/uploads\/2022\/09\/IMG_7979-rotated-e1662879695684.jpg\"><img loading=\"lazy\" decoding=\"async\" class=\"aligncenter size-large wp-image-3692\" src=\"https:\/\/bernayneuvy.fr\/wp-content\/uploads\/2022\/09\/IMG_7979-rotated-e1662879695684-1024x768.jpg\" alt=\"\" width=\"1024\" height=\"768\" \/><\/a><\/em><em>Vincent HULOT lors de la restauration du ch\u00e2teau de Bordign\u00e9 en d\u00e9cembre 2002<\/em><\/pre>\n<p style=\"text-align: justify;\">Commence alors une p\u00e9riode prosp\u00e8re de constructions au cours de laquelle sortent notamment de terre, un b\u00e2timent d&rsquo;accueil et un p\u00f4le p\u00e9dagogique compos\u00e9 de salles de cours et \u00e9quip\u00e9 d&rsquo;une salle informatique. Parmi elles, c&rsquo;est la restauration pour la mise en valeur du ch\u00e2teau de Bordign\u00e9, construction de 1830 en style n\u00e9o-classique, qui restera son vrai coup de c\u0153ur. Toutes ces r\u00e9alisations n&rsquo;ont \u00e9t\u00e9 possibles que gr\u00e2ce \u00e0 des parents-administrateurs b\u00e9n\u00e9voles pleinement engag\u00e9s, \u00ab\u00a0<em>notamment deux Pr\u00e9sidents visionnaires et excellents gestionnaires, G\u00e9rard HERISSON de Jou\u00e9-en-Charnie et Marcel PROVOST de Chemir\u00e9-en-Charnie, \u00ab\u00a0. <\/em><\/p>\n<h3><strong>A l&rsquo;origine de la Fusion<\/strong><\/h3>\n<p style=\"text-align: justify;\">En 2005, il initie le projet audacieux d&rsquo;une fusion avec l&rsquo;IREO, \u00e9tablissement qui partageait depuis 1980 les locaux de Bordign\u00e9 avec la MFR. Pari gagnant de deux \u00e9tablissements qui se portent bien et qui pourront afficher d\u00e9sormais 270 jeunes scolaris\u00e9s. Il conc\u00e8de de ce fait, sa place de Directeur pour occuper le poste nouvellement cr\u00e9\u00e9 de Directeur-adjoint. Commence alors une nouvelle \u00e8re pour la Maison familiale de Bernay qui, par cette belle op\u00e9ration, fait d\u00e9sormais le pendant de poids avec les deux lyc\u00e9es agricoles du d\u00e9partement.<\/p>\n<h3><strong>Maire depuis 2014<\/strong><\/h3>\n<p style=\"text-align: justify;\">Durant cette p\u00e9riode faste, Vincent HULOT est \u00e9lu Maire-adjoint en 2008. A partir de 2012, il prend la d\u00e9cision de se consacrer pleinement \u00e0 ses premiers amours, en revenant \u00e0 plein temps \u00e0 l&rsquo;enseignement. Ce choix lui permet d&rsquo;accepter la fonction de maire en 2014.<\/p>\n<p style=\"text-align: justify;\"><a href=\"https:\/\/bernayneuvy.fr\/wp-content\/uploads\/2022\/09\/20220519_185627.jpg\"><img loading=\"lazy\" decoding=\"async\" class=\"aligncenter size-large wp-image-3689\" src=\"https:\/\/bernayneuvy.fr\/wp-content\/uploads\/2022\/09\/20220519_185627-1024x576.jpg\" alt=\"\" width=\"1024\" height=\"576\" \/><\/a><\/p>\n<pre><em>\"N'abandonnez jamais vos r\u00eaves, quoi qu'on vous dise et quoi qu'on veuille bien vous faire croire\"\u00a0<\/em><\/pre>\n<p style=\"text-align: justify;\">En prenant sa retraite, Vincent HULOT d\u00e9tient \u00e0 ce jour, la carri\u00e8re la plus longue enregistr\u00e9e \u00e0 la Maison Familiale.\u00a0 Mais bien au del\u00e0 du nombre des ann\u00e9es pass\u00e9es, il est celui qui aura incarn\u00e9 d&rsquo;une fa\u00e7on si particuli\u00e8re cet \u00e9tablissement de formation. Tous ceux qui ont eu le plaisir de l&rsquo;avoir eu en cours ou de bien le connaitre, le savent plus que tout. Entre la MFR de Bernay et Vincent HULOT, jamais deux destins ne furent si intimement li\u00e9s : Ils ont vu tous les deux le jour, en octobre 1961 et ont v\u00e9cu ensemble les moments les plus forts de leur existence commune. En s&rsquo;adressant alors \u00e0 ses d\u00e9sormais \u00ab\u00a0anciens\u00a0\u00bb coll\u00e8gues, il n&rsquo;a pas manqu\u00e9 de les f\u00e9liciter pour leur engagement sans faille dans leur quotidien professionnel <em>\u00ab\u00a0Vous faites le plus beau et le plus noble des m\u00e9tiers, celui d&rsquo;accompagner et de r\u00e9v\u00e9ler le meilleur de notre jeunesse\u00a0\u00bb<\/em> et se tournant vers son rempla\u00e7ant, Patrice UZU, il s&rsquo;est dit <em>\u00ab\u00a0partir serein, certain de voir en lui le successeur \u00e0 la hauteur, pleinement capable de reprendre le flambeau\u00a0\u00bb.<\/em><\/p>\n<h3><strong>Une vie professionnelle toute consacr\u00e9e \u00e0 la formation et la jeunesse<\/strong><\/h3>\n<p style=\"text-align: justify;\">Vincent HULOT \u00e0 la fin de son intervention s&rsquo;est laiss\u00e9 aller, la gorge nou\u00e9e, \u00e0 cette petite confidence qui fit monter l&rsquo;\u00e9motion dans l\u2019assistance \u00ab <em>En quittant ces lieux, je laisse ici une part importante de moi-m\u00eame, et cette part, c&rsquo;est celle qui vient du c\u0153ur\u00a0\u00bb<\/em>. Puis se ressaisissant, il s&rsquo;est adress\u00e9 directement aux nombreux \u00e9l\u00e8ves pr\u00e9sents <em>\u00ab\u00a0N&rsquo;abandonnez jamais vos r\u00eaves, quoi qu&rsquo;on vous dise et quoi qu&rsquo;on veuille bien vous faire croire, faites tout avec passion et avec cette absolue conviction qu&rsquo;ils sont accessibles\u00a0\u00bb<\/em>. On serait tent\u00e9 de le croire lui qui toute sa vie a cru en sa bonne \u00e9toile et aura port\u00e9 le regard loin. \u00ab\u00a0<em>j&rsquo;ai fait mon m\u00e9tier en ayant soin de redonner modestement ce que j&rsquo;ai re\u00e7u, en essayant d&rsquo;\u00e9veiller la curiosit\u00e9 et d&rsquo;amener \u00e0 cet \u00e9panouissement qui permet \u00e0 toute personne de pouvoir se tenir dignement debout<\/em>\u00ab\u00a0, l\u00e2chera-t-il en guise de salutation, comme une derni\u00e8re r\u00e9v\u00e9rence \u00e0 cette vie professionnelle hautement ch\u00e9rie.<\/p>\n<p style=\"text-align: justify;\"><a href=\"https:\/\/bernayneuvy.fr\/wp-content\/uploads\/2022\/09\/20220519_203925-rotated-e1662878899401.jpg\"><img loading=\"lazy\" decoding=\"async\" class=\"aligncenter size-large wp-image-3690\" src=\"https:\/\/bernayneuvy.fr\/wp-content\/uploads\/2022\/09\/20220519_203925-rotated-e1662878899401-1024x768.jpg\" alt=\"\" width=\"1024\" height=\"768\" \/><\/a><\/p>\n<p style=\"text-align: justify;\">Madame Isabelle PASQUOT, Pr\u00e9sidente nouvellement \u00e9lue de cet \u00e9tablissement, n&rsquo;a pas manqu\u00e9 dans son petit mot, de faire \u00e9tat de cet exceptionnel chemin parcouru pendant quarante ann\u00e9es d&rsquo;enseignement <em>\u00ab\u00a0Avant tout un enseignant hautement appr\u00e9ci\u00e9 et respect\u00e9 de ses \u00e9l\u00e8ves\u00a0\u00bb<\/em>.<\/p>\n<p><a href=\"https:\/\/bernayneuvy.fr\/wp-content\/uploads\/2022\/09\/12.jpg\"><img loading=\"lazy\" decoding=\"async\" class=\"aligncenter size-large wp-image-3691\" src=\"https:\/\/bernayneuvy.fr\/wp-content\/uploads\/2022\/09\/12-1024x768.jpg\" alt=\"\" width=\"1024\" height=\"768\" \/><\/a><\/p>\n<pre>Les \u00e9l\u00e8ves ont souhait\u00e9 f\u00eater joyeusement le d\u00e9part de leur enseignant<\/pre>\n","protected":false},"excerpt":{"rendered":"<p>Officiellement en retraite depuis le 1er janvier dernier, c&rsquo;est seulement le jeudi 19 mai 2022 que Vincent HULOT a f\u00eat\u00e9 son d\u00e9part de la Maison Familiale de Bernay. Cette sortie, il avait souhait\u00e9 la faire entour\u00e9 de ses \u00e9l\u00e8ves, comme un dernier adieu \u00e0 une vie professionnelle totalement consacr\u00e9e \u00e0 la jeunesse, \u00e0 la formation [&hellip;]<\/p>\n","protected":false},"author":1,"featured_media":3696,"comment_status":"closed","ping_status":"open","sticky":false,"template":"","format":"standard","meta":{"footnotes":""},"categories":[14],"tags":[],"_links":{"self":[{"href":"https:\/\/bernayneuvy.fr\/index.php?rest_route=\/wp\/v2\/posts\/3687"}],"collection":[{"href":"https:\/\/bernayneuvy.fr\/index.php?rest_route=\/wp\/v2\/posts"}],"about":[{"href":"https:\/\/bernayneuvy.fr\/index.php?rest_route=\/wp\/v2\/types\/post"}],"author":[{"embeddable":true,"href":"https:\/\/bernayneuvy.fr\/index.php?rest_route=\/wp\/v2\/users\/1"}],"replies":[{"embeddable":true,"href":"https:\/\/bernayneuvy.fr\/index.php?rest_route=%2Fwp%2Fv2%2Fcomments&post=3687"}],"version-history":[{"count":2,"href":"https:\/\/bernayneuvy.fr\/index.php?rest_route=\/wp\/v2\/posts\/3687\/revisions"}],"predecessor-version":[{"id":3694,"href":"https:\/\/bernayneuvy.fr\/index.php?rest_route=\/wp\/v2\/posts\/3687\/revisions\/3694"}],"wp:featuredmedia":[{"embeddable":true,"href":"https:\/\/bernayneuvy.fr\/index.php?rest_route=\/wp\/v2\/media\/3696"}],"wp:attachment":[{"href":"https:\/\/bernayneuvy.fr\/index.php?rest_route=%2Fwp%2Fv2%2Fmedia&parent=3687"}],"wp:term":[{"taxonomy":"category","embeddable":true,"href":"https:\/\/bernayneuvy.fr\/index.php?rest_route=%2Fwp%2Fv2%2Fcategories&post=3687"},{"taxonomy":"post_tag","embeddable":true,"href":"https:\/\/bernayneuvy.fr\/index.php?rest_route=%2Fwp%2Fv2%2Ftags&post=3687"}],"curies":[{"name":"wp","href":"https:\/\/api.w.org\/{rel}","templated":true}]}}