{"id":3655,"date":"2022-05-09T20:42:00","date_gmt":"2022-05-09T18:42:00","guid":{"rendered":"https:\/\/bernayneuvy.fr\/?p=3655"},"modified":"2022-09-08T20:43:24","modified_gmt":"2022-09-08T18:43:24","slug":"mise-a-lhonneur-dun-jeune-bernovicien-porte-drapeau-a-14-ans-et-de-deux-membres-du-comite-unc-afn","status":"publish","type":"post","link":"https:\/\/bernayneuvy.fr\/?p=3655","title":{"rendered":"Mise \u00e0 l&rsquo;honneur d&rsquo;un jeune Bernovicien, porte-drapeau \u00e0 14 ans, et de deux membres du comit\u00e9 UNC\/AFN"},"content":{"rendered":"\n<p style=\"text-align: justify;\"><a href=\"https:\/\/bernayneuvy.fr\/wp-content\/uploads\/2022\/09\/DSC_0097.jpg\"><img loading=\"lazy\" decoding=\"async\" class=\"aligncenter size-large wp-image-3656\" src=\"https:\/\/bernayneuvy.fr\/wp-content\/uploads\/2022\/09\/DSC_0097-1024x683.jpg\" alt=\"\" width=\"1024\" height=\"683\" \/><\/a>Lucas GRAMONT, de Bernay-Neuvy-en-Champagne, tr\u00e8s assidu aux comm\u00e9morations, esp\u00e9rait depuis longtemps tenir un r\u00f4le dans les c\u00e9r\u00e9monies. C&rsquo;est chose faite depuis le 8 mai 2022, en devenant l&rsquo;un des porte-drapeaux officiels de la section locale UNC-AFN de la commune.<\/p>\n<h3>Prise de fonction lors des comm\u00e9morations du 8 mai<\/h3>\n<p style=\"text-align: justify;\"><a href=\"https:\/\/bernayneuvy.fr\/wp-content\/uploads\/2022\/09\/DSC_0105-2.jpg\"><img loading=\"lazy\" decoding=\"async\" class=\"aligncenter size-large wp-image-3659\" src=\"https:\/\/bernayneuvy.fr\/wp-content\/uploads\/2022\/09\/DSC_0105-2-1024x904.jpg\" alt=\"\" width=\"1024\" height=\"904\" \/><\/a>Au cours de la c\u00e9r\u00e9monie du 8 mai 2022, un porte-drapeau de l&rsquo;association des anciens combattants de Bernay-Neuvy, a attir\u00e9 tout particuli\u00e8rement l&rsquo;attention des personnes pr\u00e9sentes : le jeune Lucas GRAMONT, \u00e2g\u00e9 seulement de 14 ans,\u00a0 faisait en effet ses premiers pas dans une fonction que l&rsquo;on est davantage habitu\u00e9s \u00e0 voir tenir par beaucoup plus ancien. Des d\u00e9buts pas faciles avec cette premi\u00e8re sortie officielle, puisque l&rsquo;assistance \u00e9tait particuli\u00e8rement nombreuse ce jour l\u00e0. En effet, les 12 clochers de l&rsquo;ensemble Paroissial de Conlie-Bernay-St Symphorien, s&rsquo;\u00e9tait regroup\u00e9s\u00a0 \u00e0 Neuvy pour c\u00e9l\u00e9brer l&rsquo;anniversaire de la victoire du 8 mai. C&rsquo;est donc une assistance tr\u00e8s importante, avec plus d&rsquo;une centaine de personnes, qui \u00e9tait pr\u00e9sente.<\/p>\n<h3>Une passion pour cette p\u00e9riode de l&rsquo;histoire de notre pays<\/h3>\n<p style=\"text-align: justify;\"><a href=\"https:\/\/bernayneuvy.fr\/wp-content\/uploads\/2022\/09\/Ceremonie-8-mai-2022-Bernay-Neuvy-Neuvy-30.jpg\"><img loading=\"lazy\" decoding=\"async\" class=\"aligncenter size-large wp-image-3657\" src=\"https:\/\/bernayneuvy.fr\/wp-content\/uploads\/2022\/09\/Ceremonie-8-mai-2022-Bernay-Neuvy-Neuvy-30-1024x683.jpg\" alt=\"\" width=\"1024\" height=\"683\" \/><\/a><\/p>\n<p style=\"text-align: justify;\">Ce jeune coll\u00e9gien scolaris\u00e9 en classe de 3\u00e8me \u00e0 Sill\u00e9-le-Guillaume, donne les origines de cet engagement. <em>\u00a0\u00bb Il y a quelques temps on m&rsquo;a offert un d\u00e9tecteur de m\u00e9taux. Des recherches autour de la propri\u00e9t\u00e9 de ma grand-m\u00e8re m&rsquo;ont amen\u00e9 \u00e0 d\u00e9couvrir diff\u00e9rents objets datant de la deuxi\u00e8me guerre mondiale \u00ab\u00a0<\/em>, pr\u00e9cise-t-il, \u00a0\u00bb d<em>ont une gamelle US avec le nom de son ancien propri\u00e9taire. C&rsquo;est \u00e0 ce moment que j&rsquo;ai d\u00e9velopp\u00e9 une passion pour\u00a0 cette p\u00e9riode.\u00a0\u00bb <\/em>Le Pr\u00e9sident Fran\u00e7ois SISINNO de la section locale UNC-AFN, ayant bien remarqu\u00e9 l&rsquo;int\u00e9r\u00eat que manifestait ce gar\u00e7on lors des c\u00e9r\u00e9monies comm\u00e9moratives, lui a tout naturellement propos\u00e9 de devenir porte-drapeau. C&rsquo;est ainsi qu&rsquo;il s&rsquo;est vu confier\u00a0 l&rsquo;\u00e9tendard de sa commune de r\u00e9sidence lors de cette c\u00e9r\u00e9monie.<\/p>\n<h3>Encouragements appuy\u00e9s d&rsquo;un Lieutenant-colonel de l&rsquo;arm\u00e9e de terre<\/h3>\n<p style=\"text-align: justify;\">La pr\u00e9sence du lieutenant-colonel J\u00e9r\u00f4me PILLET, avait \u00e9t\u00e9 requise \u00e0 cette manifestation afin de proc\u00e9der \u00e0 la d\u00e9coration de deux habitants de la commune.<\/p>\n<p style=\"text-align: justify;\"><a href=\"https:\/\/bernayneuvy.fr\/wp-content\/uploads\/2022\/09\/Ceremonie-8-mai-2022-Bernay-Neuvy-Neuvy-48.jpg\"><img loading=\"lazy\" decoding=\"async\" class=\"aligncenter size-large wp-image-3658\" src=\"https:\/\/bernayneuvy.fr\/wp-content\/uploads\/2022\/09\/Ceremonie-8-mai-2022-Bernay-Neuvy-Neuvy-48-1024x768.jpg\" alt=\"\" width=\"1024\" height=\"768\" \/><\/a><\/p>\n<p style=\"text-align: justify;\">Le lieutenant-colonel qui avait fait connaissance du jeune gar\u00e7on la veille au soir, lors des c\u00e9r\u00e9monies anticip\u00e9es aux monuments aux morts de Bernay et de Saint Julien, lui avait demand\u00e9 de bien vouloir lever les couleurs. Tr\u00e8s sensible \u00e0 l&rsquo;engagement pr\u00e9coce de Lucas, cet officier sup\u00e9rieur en exercice, n&rsquo;a pas manqu\u00e9 de le f\u00e9liciter et de lui assurer son soutien dans ses projets dans une carri\u00e8re professionnelle qu&rsquo;il esp\u00e8re faire au service de la nation.<\/p>\n<h3>D\u00e9coration de Claude LEBOUCHER et Teddy BOURRELIER honor\u00e9s pour leur engagement dans la dur\u00e9e<\/h3>\n<p style=\"text-align: justify;\">Cette comm\u00e9moration a \u00e9t\u00e9 l&rsquo;occasion de mettre \u00e0 l&rsquo;honneur 2 membres de la section locale Unc-Afn-Soldats de France ; En effet, Teddy BOURRELIER, adh\u00e9rent \u00e0 la section locale\u00a0 depuis 1983 en tant que soldat de France et porte-drapeau titulaire pour Bernay en Champagne depuis 2010, s&rsquo;est vu remettre la m\u00e9daille d&rsquo;argent Unc pour ses 12 ann\u00e9es d&rsquo;assiduit\u00e9 dans cette fonction. Quand\u00a0 \u00e0 Claude LEBOUCHER, ancien combattant d&rsquo;Alg\u00e9rie, il est devenu pr\u00e9sident de l&rsquo;association de Bernay en Champagne en 1965 et l&rsquo;est rest\u00e9 jusqu&rsquo;en 2020 soit pendant 55 ann\u00e9es . Depuis cette date et la fusion des sections de Bernay et de Neuvy, il est\u00a0 le vice-pr\u00e9sident de la nouvelle entit\u00e9. Il a \u00e9t\u00e9 d\u00e9cor\u00e9 de la m\u00e9daille d&rsquo;or de l&rsquo;Unc en remerciement de son d\u00e9vouement au service de l&rsquo;association pendant toutes ces ann\u00e9es.<\/p>\n","protected":false},"excerpt":{"rendered":"<p>Lucas GRAMONT, de Bernay-Neuvy-en-Champagne, tr\u00e8s assidu aux comm\u00e9morations, esp\u00e9rait depuis longtemps tenir un r\u00f4le dans les c\u00e9r\u00e9monies. C&rsquo;est chose faite depuis le 8 mai 2022, en devenant l&rsquo;un des porte-drapeaux officiels de la section locale UNC-AFN de la commune. Prise de fonction lors des comm\u00e9morations du 8 mai Au cours de la c\u00e9r\u00e9monie du 8 [&hellip;]<\/p>\n","protected":false},"author":1,"featured_media":3656,"comment_status":"closed","ping_status":"open","sticky":false,"template":"","format":"standard","meta":{"footnotes":""},"categories":[10],"tags":[],"_links":{"self":[{"href":"https:\/\/bernayneuvy.fr\/index.php?rest_route=\/wp\/v2\/posts\/3655"}],"collection":[{"href":"https:\/\/bernayneuvy.fr\/index.php?rest_route=\/wp\/v2\/posts"}],"about":[{"href":"https:\/\/bernayneuvy.fr\/index.php?rest_route=\/wp\/v2\/types\/post"}],"author":[{"embeddable":true,"href":"https:\/\/bernayneuvy.fr\/index.php?rest_route=\/wp\/v2\/users\/1"}],"replies":[{"embeddable":true,"href":"https:\/\/bernayneuvy.fr\/index.php?rest_route=%2Fwp%2Fv2%2Fcomments&post=3655"}],"version-history":[{"count":1,"href":"https:\/\/bernayneuvy.fr\/index.php?rest_route=\/wp\/v2\/posts\/3655\/revisions"}],"predecessor-version":[{"id":3660,"href":"https:\/\/bernayneuvy.fr\/index.php?rest_route=\/wp\/v2\/posts\/3655\/revisions\/3660"}],"wp:featuredmedia":[{"embeddable":true,"href":"https:\/\/bernayneuvy.fr\/index.php?rest_route=\/wp\/v2\/media\/3656"}],"wp:attachment":[{"href":"https:\/\/bernayneuvy.fr\/index.php?rest_route=%2Fwp%2Fv2%2Fmedia&parent=3655"}],"wp:term":[{"taxonomy":"category","embeddable":true,"href":"https:\/\/bernayneuvy.fr\/index.php?rest_route=%2Fwp%2Fv2%2Fcategories&post=3655"},{"taxonomy":"post_tag","embeddable":true,"href":"https:\/\/bernayneuvy.fr\/index.php?rest_route=%2Fwp%2Fv2%2Ftags&post=3655"}],"curies":[{"name":"wp","href":"https:\/\/api.w.org\/{rel}","templated":true}]}}