{"id":3283,"date":"2021-08-30T08:43:00","date_gmt":"2021-08-30T06:43:00","guid":{"rendered":"https:\/\/bernayneuvy.fr\/?p=3283"},"modified":"2022-01-27T09:04:39","modified_gmt":"2022-01-27T08:04:39","slug":"achevement-des-boucles-de-randonnee-sur-bernay","status":"publish","type":"post","link":"https:\/\/bernayneuvy.fr\/?p=3283","title":{"rendered":"Ach\u00e8vement des boucles de randonn\u00e9e sur Bernay"},"content":{"rendered":"\n<h2><span style=\"text-decoration: underline;\"><span style=\"color: #800080;\"><strong>Les d\u00e9marches se poursuivent<\/strong><\/span><\/span><\/h2>\n<p>\u00a0<\/p>\n<p>La commission concern\u00e9e a entrepris des d\u00e9marches pour pouvoir relier entre elles les deux boucles de randonn\u00e9e d\u00e9j\u00e0 existantes sur Bernay. Aussi, s\u2019est-elle r\u00e9unie le 22 avril 2021 pour pr\u00e9voir les \u00e9changes de terrains n\u00e9cessaires avec Monsieur et Madame Eric BLOSSIER de Ruill\u00e9, avec la Fondation Serge et Andr\u00e9e LE GROU de Rouez et enfin J\u00e9r\u00f4me GUYARD agriculteur de Bernay-Neuvy.\u00a0<\/p>\n<p>Un premier chemin de liaison pourrait alors d\u00e9marrer au pont de la Voie Verte pour rejoindre le \u00ab\u00a0patte d&rsquo;oie\u00a0\u00bb de Quinsay de la route de Nourray, en longeant la rivi\u00e8re. L&rsquo;autre chemin de liaison d\u00e9buterait au carrefour de Bordign\u00e9 emprunterait la parcelle communale le long de la route de Ruill\u00e9, pour rejoindre le chemin d&rsquo;acc\u00e8s du lieu dit \u00ab\u00a0les Iles\u00a0\u00bb, traverserait \u00e0 cet endroit la route pour rejoindre le chemin communal du Coudray.<\/p>\n<p>Le cabinet GEOMANS a \u00e9t\u00e9 missionn\u00e9 pour d\u00e9terminer les surfaces exactes qui seraient alors \u00e9chang\u00e9es. Une partie du bornage\u00a0 a \u00e9t\u00e9\u00a0 r\u00e9alis\u00e9e les 8 et 11 octobre 2021.<\/p>\n<p>Il sera n\u00e9cessaire de pr\u00e9voir une enqu\u00eate publique pour permettre d\u2019ali\u00e9ner deux chemins communaux dont les trac\u00e9s seront d\u00e9tourn\u00e9s.<\/p>\n<p>\u00a0<\/p>\n\n\n\n<figure class=\"wp-block-gallery columns-1 is-cropped wp-block-gallery-1 is-layout-flex wp-block-gallery-is-layout-flex\"><ul class=\"blocks-gallery-grid\"><li class=\"blocks-gallery-item\"><figure><a href=\"https:\/\/bernayneuvy.fr\/wp-content\/uploads\/2022\/01\/IMG_3275-scaled.jpg\"><img loading=\"lazy\" decoding=\"async\" width=\"1024\" height=\"768\" src=\"https:\/\/bernayneuvy.fr\/wp-content\/uploads\/2022\/01\/IMG_3275-1024x768.jpg\" alt=\"\" data-id=\"3286\" data-full-url=\"https:\/\/bernayneuvy.fr\/wp-content\/uploads\/2022\/01\/IMG_3275-scaled.jpg\" data-link=\"https:\/\/bernayneuvy.fr\/?attachment_id=3286\" class=\"wp-image-3286\"\/><\/a><figcaption class=\"blocks-gallery-item__caption\"><br><br><br><br><br><strong><em>Rencontre avec les diff\u00e9rents propri\u00e9taires en f\u00e9vrier 2021 <\/em><\/strong><\/figcaption><\/figure><\/li><\/ul><\/figure>\n\n\n\n<figure class=\"wp-block-gallery columns-2 is-cropped wp-block-gallery-2 is-layout-flex wp-block-gallery-is-layout-flex\"><ul class=\"blocks-gallery-grid\"><li class=\"blocks-gallery-item\"><figure><a href=\"https:\/\/bernayneuvy.fr\/wp-content\/uploads\/2022\/01\/IMG_4914-1024x768.jpg\"><img loading=\"lazy\" decoding=\"async\" width=\"1024\" height=\"768\" src=\"https:\/\/bernayneuvy.fr\/wp-content\/uploads\/2022\/01\/IMG_4914-1024x768.jpg\" alt=\"\" data-id=\"3284\" data-link=\"https:\/\/bernayneuvy.fr\/?attachment_id=3284\" class=\"wp-image-3284\"\/><\/a><figcaption class=\"blocks-gallery-item__caption\"><strong><em>et r\u00e9alisation du bornage en octobre de la m\u00eame ann\u00e9e<\/em><\/strong><\/figcaption><\/figure><\/li><li class=\"blocks-gallery-item\"><figure><a href=\"https:\/\/bernayneuvy.fr\/wp-content\/uploads\/2022\/01\/IMG_4935-scaled.jpg\"><img loading=\"lazy\" decoding=\"async\" width=\"1024\" height=\"768\" src=\"https:\/\/bernayneuvy.fr\/wp-content\/uploads\/2022\/01\/IMG_4935-1024x768.jpg\" alt=\"\" data-id=\"3285\" data-full-url=\"https:\/\/bernayneuvy.fr\/wp-content\/uploads\/2022\/01\/IMG_4935-scaled.jpg\" data-link=\"https:\/\/bernayneuvy.fr\/?attachment_id=3285\" class=\"wp-image-3285\"\/><\/a><\/figure><\/li><\/ul><\/figure>\n\n\n\n\n\n<p>Une fois que les boucles de chemins de randonn\u00e9e seront reli\u00e9es, nous pourrons les ouvrir officiellement au public (\u00e0 noter que certains tron\u00e7ons sont d\u00e9j\u00e0 particuli\u00e8rement fr\u00e9quent\u00e9s). Pour cela le conseil municipal va voter pour le budget 2022, une somme qui permettra de financer la signal\u00e9tique. Ainsi, il sera propos\u00e9\u00a0 aux promeneurs 5 itin\u00e9raires avec des parcours de \u00a0diff\u00e9rentes distances, au choix selon les aptitudes physiques ou les souhaits du moment.<\/p>\n<p>\u00a0<\/p>\n\n\n\n<figure class=\"wp-block-gallery columns-2 is-cropped wp-block-gallery-3 is-layout-flex wp-block-gallery-is-layout-flex\"><ul class=\"blocks-gallery-grid\"><li class=\"blocks-gallery-item\"><figure><a href=\"https:\/\/bernayneuvy.fr\/wp-content\/uploads\/2022\/01\/IMG_4612-1024x768.jpg\"><img loading=\"lazy\" decoding=\"async\" width=\"1024\" height=\"768\" src=\"https:\/\/bernayneuvy.fr\/wp-content\/uploads\/2022\/01\/IMG_4612-1024x768.jpg\" alt=\"\" data-id=\"3287\" data-link=\"https:\/\/bernayneuvy.fr\/?attachment_id=3287\" class=\"wp-image-3287\"\/><\/a><figcaption class=\"blocks-gallery-item__caption\">en ao\u00fbt 2021, D\u00e9couverte du nouvel itin\u00e9raire<\/figcaption><\/figure><\/li><li class=\"blocks-gallery-item\"><figure><a href=\"https:\/\/bernayneuvy.fr\/wp-content\/uploads\/2022\/01\/IMG_4616-scaled.jpg\"><img loading=\"lazy\" decoding=\"async\" width=\"1024\" height=\"768\" src=\"https:\/\/bernayneuvy.fr\/wp-content\/uploads\/2022\/01\/IMG_4616-1024x768.jpg\" alt=\"\" data-id=\"3288\" data-full-url=\"https:\/\/bernayneuvy.fr\/wp-content\/uploads\/2022\/01\/IMG_4616-scaled.jpg\" data-link=\"https:\/\/bernayneuvy.fr\/?attachment_id=3288\" class=\"wp-image-3288\"\/><\/a><figcaption class=\"blocks-gallery-item__caption\">par les membres du conseil municipal<\/figcaption><\/figure><\/li><\/ul><\/figure>\n","protected":false},"excerpt":{"rendered":"<p>Les d\u00e9marches se poursuivent \u00a0 La commission concern\u00e9e a entrepris des d\u00e9marches pour pouvoir relier entre elles les deux boucles de randonn\u00e9e d\u00e9j\u00e0 existantes sur Bernay. Aussi, s\u2019est-elle r\u00e9unie le 22 avril 2021 pour pr\u00e9voir les \u00e9changes de terrains n\u00e9cessaires avec Monsieur et Madame Eric BLOSSIER de Ruill\u00e9, avec la Fondation Serge et Andr\u00e9e LE [&hellip;]<\/p>\n","protected":false},"author":1,"featured_media":3289,"comment_status":"closed","ping_status":"open","sticky":false,"template":"","format":"standard","meta":{"footnotes":""},"categories":[122],"tags":[],"_links":{"self":[{"href":"https:\/\/bernayneuvy.fr\/index.php?rest_route=\/wp\/v2\/posts\/3283"}],"collection":[{"href":"https:\/\/bernayneuvy.fr\/index.php?rest_route=\/wp\/v2\/posts"}],"about":[{"href":"https:\/\/bernayneuvy.fr\/index.php?rest_route=\/wp\/v2\/types\/post"}],"author":[{"embeddable":true,"href":"https:\/\/bernayneuvy.fr\/index.php?rest_route=\/wp\/v2\/users\/1"}],"replies":[{"embeddable":true,"href":"https:\/\/bernayneuvy.fr\/index.php?rest_route=%2Fwp%2Fv2%2Fcomments&post=3283"}],"version-history":[{"count":2,"href":"https:\/\/bernayneuvy.fr\/index.php?rest_route=\/wp\/v2\/posts\/3283\/revisions"}],"predecessor-version":[{"id":3291,"href":"https:\/\/bernayneuvy.fr\/index.php?rest_route=\/wp\/v2\/posts\/3283\/revisions\/3291"}],"wp:featuredmedia":[{"embeddable":true,"href":"https:\/\/bernayneuvy.fr\/index.php?rest_route=\/wp\/v2\/media\/3289"}],"wp:attachment":[{"href":"https:\/\/bernayneuvy.fr\/index.php?rest_route=%2Fwp%2Fv2%2Fmedia&parent=3283"}],"wp:term":[{"taxonomy":"category","embeddable":true,"href":"https:\/\/bernayneuvy.fr\/index.php?rest_route=%2Fwp%2Fv2%2Fcategories&post=3283"},{"taxonomy":"post_tag","embeddable":true,"href":"https:\/\/bernayneuvy.fr\/index.php?rest_route=%2Fwp%2Fv2%2Ftags&post=3283"}],"curies":[{"name":"wp","href":"https:\/\/api.w.org\/{rel}","templated":true}]}}