{"id":3274,"date":"2021-08-28T08:36:00","date_gmt":"2021-08-28T06:36:00","guid":{"rendered":"https:\/\/bernayneuvy.fr\/?p=3274"},"modified":"2022-01-27T08:39:30","modified_gmt":"2022-01-27T07:39:30","slug":"embellissement-et-fleurissement","status":"publish","type":"post","link":"https:\/\/bernayneuvy.fr\/?p=3274","title":{"rendered":"Embellissement et Fleurissement"},"content":{"rendered":"\n<h2><span style=\"text-decoration: underline; color: #800080;\"><strong>Point sur les r\u00e9alisations 2021<\/strong><\/span><\/h2>\n<p>&nbsp;<\/p>\n<p>La commission communale s\u2019\u00e9tait r\u00e9unie le 27 mars, puis le 10 avril pour \u00e9tablir le projet d\u2019embellissement des bourgs pour l\u2019ann\u00e9e 2021.<\/p>\n<p>Deux plans d\u2019actions ont \u00e9t\u00e9 \u00e9labor\u00e9s&nbsp;:<\/p>\n<ul>\n<li>Les plantations annuelles (m\u00e9lange de fleurs) aux endroits habituels pour un co\u00fbt total de 748 \u20ac TTC : jardini\u00e8res \u00e0 l\u2019\u00e9glise de St Pierre et St Paul, massifs en pleine terre autour de la place Hubert CHERBONNIER, parterres aux entr\u00e9es de Bernay, quatre vasques dispos\u00e9es dans le bourg de Bernay, un massif dans le lotissement impasse de la Garenne et un massif pr\u00e8s du pont \u00e0 la sortie de Neuvy. Ces plantations ont \u00e9t\u00e9 r\u00e9alis\u00e9es semaine n\u00b0 20 du 10 au 14 mai 2021.<\/li>\n<\/ul>\n\n\n\n<figure class=\"wp-block-gallery columns-1 is-cropped wp-block-gallery-1 is-layout-flex wp-block-gallery-is-layout-flex\"><ul class=\"blocks-gallery-grid\"><li class=\"blocks-gallery-item\"><figure><a href=\"https:\/\/bernayneuvy.fr\/wp-content\/uploads\/2022\/01\/IMG_3757.jpg\"><img loading=\"lazy\" decoding=\"async\" width=\"1024\" height=\"768\" src=\"https:\/\/bernayneuvy.fr\/wp-content\/uploads\/2022\/01\/IMG_3757-1024x768.jpg\" alt=\"\" data-id=\"3275\" data-full-url=\"https:\/\/bernayneuvy.fr\/wp-content\/uploads\/2022\/01\/IMG_3757.jpg\" data-link=\"https:\/\/bernayneuvy.fr\/?attachment_id=3275\" class=\"wp-image-3275\"\/><\/a><\/figure><\/li><\/ul><\/figure>\n\n\n\n\n\n<ul><li>Les plantations p\u00e9rennes (arbres et arbustes) pour un co\u00fbt de 670 \u20ac TTC&nbsp;:Cinq massifs arbustifs de 5 m\u00e8tres de long au pourtour de l\u2019aire engazonn\u00e9e devant l\u2019\u00e9glise St Laurent afin de casser l\u2019aspect min\u00e9ral et apporter une touche de couleurs, tout en mettant en valeur la beaut\u00e9 architecturale du monument class\u00e9.<ul><li>&#8211; Plantation d\u2019un cam\u00e9lia au centre du massif rue du pont (Iris donn\u00e9s par un membre de la commission).<\/li><\/ul><ul><li>&#8211; Deux saules crevette sur tige sur l\u2019aire engazonn\u00e9e devant la salle Pierre MOREAU.<\/li><\/ul><ul><li>&#8211; Deux glycines implant\u00e9es de part et d\u2019autre de l\u2019entr\u00e9e de la salle de la mairie annexe, afin de former une arche fleurie entrelac\u00e9e.<\/li><\/ul><ul><li>&#8211; Un rosier grimpant \u00e0 l\u2019angle form\u00e9 par la mairie annexe et le b\u00e2timent de l\u2019ancienne poste.<\/li><\/ul><ul><li>&#8211; Remplacement des rosiers morts par 10 Hibiscus (Alth\u00e9a) roses et mauves dans les massifs en pleine terre rue du Mans le long de la RD28.<\/li><\/ul><\/li><\/ul>\n\n\n\n<p>De son c\u00f4t\u00e9, sur Saint Julien, une \u00e9quipe de b\u00e9n\u00e9voles est rest\u00e9e mobilis\u00e9e pour d\u00e9sherber, fleurir et veiller \u00e0 pr\u00e9server l\u2019embellissement existant.<\/p>\n\n\n\n<p>Il convient aussi de souligner le travail des agents d\u2019entretien concernant les plantations situ\u00e9es proches de la st\u00e8le en hommage au soldat Archie Atkins, Place Maurice Launay.<\/p>\n","protected":false},"excerpt":{"rendered":"<p>Point sur les r\u00e9alisations 2021 &nbsp; La commission communale s\u2019\u00e9tait r\u00e9unie le 27 mars, puis le 10 avril pour \u00e9tablir le projet d\u2019embellissement des bourgs pour l\u2019ann\u00e9e 2021. Deux plans d\u2019actions ont \u00e9t\u00e9 \u00e9labor\u00e9s&nbsp;: Les plantations annuelles (m\u00e9lange de fleurs) aux endroits habituels pour un co\u00fbt total de 748 \u20ac TTC : jardini\u00e8res \u00e0 l\u2019\u00e9glise [&hellip;]<\/p>\n","protected":false},"author":1,"featured_media":3276,"comment_status":"closed","ping_status":"open","sticky":false,"template":"","format":"standard","meta":{"footnotes":""},"categories":[122],"tags":[],"_links":{"self":[{"href":"https:\/\/bernayneuvy.fr\/index.php?rest_route=\/wp\/v2\/posts\/3274"}],"collection":[{"href":"https:\/\/bernayneuvy.fr\/index.php?rest_route=\/wp\/v2\/posts"}],"about":[{"href":"https:\/\/bernayneuvy.fr\/index.php?rest_route=\/wp\/v2\/types\/post"}],"author":[{"embeddable":true,"href":"https:\/\/bernayneuvy.fr\/index.php?rest_route=\/wp\/v2\/users\/1"}],"replies":[{"embeddable":true,"href":"https:\/\/bernayneuvy.fr\/index.php?rest_route=%2Fwp%2Fv2%2Fcomments&post=3274"}],"version-history":[{"count":3,"href":"https:\/\/bernayneuvy.fr\/index.php?rest_route=\/wp\/v2\/posts\/3274\/revisions"}],"predecessor-version":[{"id":3280,"href":"https:\/\/bernayneuvy.fr\/index.php?rest_route=\/wp\/v2\/posts\/3274\/revisions\/3280"}],"wp:featuredmedia":[{"embeddable":true,"href":"https:\/\/bernayneuvy.fr\/index.php?rest_route=\/wp\/v2\/media\/3276"}],"wp:attachment":[{"href":"https:\/\/bernayneuvy.fr\/index.php?rest_route=%2Fwp%2Fv2%2Fmedia&parent=3274"}],"wp:term":[{"taxonomy":"category","embeddable":true,"href":"https:\/\/bernayneuvy.fr\/index.php?rest_route=%2Fwp%2Fv2%2Fcategories&post=3274"},{"taxonomy":"post_tag","embeddable":true,"href":"https:\/\/bernayneuvy.fr\/index.php?rest_route=%2Fwp%2Fv2%2Ftags&post=3274"}],"curies":[{"name":"wp","href":"https:\/\/api.w.org\/{rel}","templated":true}]}}