{"id":3260,"date":"2021-09-22T08:13:00","date_gmt":"2021-09-22T06:13:00","guid":{"rendered":"https:\/\/bernayneuvy.fr\/?p=3260"},"modified":"2022-02-19T09:12:47","modified_gmt":"2022-02-19T08:12:47","slug":"creation-dallees-dans-les-cimetieres-de-neuvy-et-st-julien","status":"publish","type":"post","link":"https:\/\/bernayneuvy.fr\/?p=3260","title":{"rendered":"Cr\u00e9ation d&rsquo;all\u00e9es dans les cimeti\u00e8res de Neuvy et St Julien"},"content":{"rendered":"\n<h2><span style=\"text-decoration: underline; color: #800080;\"><strong>Travaux de mise en accessibilit\u00e9 de ces deux cimeti\u00e8res<\/strong><\/span><\/h2>\n<p>\u00a0<\/p>\n<p style=\"text-align: justify;\">Des travaux d&rsquo;accessibilit\u00e9 dans les cimeti\u00e8res de Neuvy et Saint Julien avaient \u00e9t\u00e9 inscrits au\u00a0 budget 2021. Ces travaux ont \u00e9t\u00e9 r\u00e9alis\u00e9s vers la mi-septembre par l&rsquo;entreprise PELTIER de Sill\u00e9-le-Guillaume et consistaient \u00e0\u00a0 tracer des all\u00e9es carrossables. Apr\u00e8s un d\u00e9capage superficiel, un rechargement a \u00e9t\u00e9 appliqu\u00e9 et compact\u00e9 pour un co\u00fbt total de 4 865 euros TTC.<\/p>\n\n\n\n<figure class=\"wp-block-gallery has-nested-images columns-default is-cropped wp-block-gallery-1 is-layout-flex wp-block-gallery-is-layout-flex\">\n<figure class=\"wp-block-image size-large\"><a href=\"https:\/\/bernayneuvy.fr\/wp-content\/uploads\/2022\/01\/IMG_5204-scaled.jpg\"><img loading=\"lazy\" decoding=\"async\" width=\"1024\" height=\"768\" data-id=\"3268\" src=\"https:\/\/bernayneuvy.fr\/wp-content\/uploads\/2022\/01\/IMG_5204-1024x768.jpg\" alt=\"\" class=\"wp-image-3268\"\/><\/a><\/figure>\n<\/figure>\n\n\n\n<figure class=\"wp-block-gallery has-nested-images columns-default is-cropped wp-block-gallery-2 is-layout-flex wp-block-gallery-is-layout-flex\">\n<figure class=\"wp-block-image size-large\"><a href=\"https:\/\/bernayneuvy.fr\/wp-content\/uploads\/2021\/09\/IMG_4908.jpg\"><img loading=\"lazy\" decoding=\"async\" width=\"1024\" height=\"768\" data-id=\"3264\" src=\"https:\/\/bernayneuvy.fr\/wp-content\/uploads\/2021\/09\/IMG_4908-1024x768.jpg\" alt=\"\" class=\"wp-image-3264\"\/><\/a><\/figure>\n\n\n\n<figure class=\"wp-block-image size-large\"><a href=\"https:\/\/bernayneuvy.fr\/wp-content\/uploads\/2022\/01\/IMG_4902-scaled.jpg\"><img loading=\"lazy\" decoding=\"async\" width=\"1024\" height=\"768\" data-id=\"3262\" src=\"https:\/\/bernayneuvy.fr\/wp-content\/uploads\/2022\/01\/IMG_4902-1024x768.jpg\" alt=\"\" class=\"wp-image-3262\"\/><\/a><\/figure>\n\n\n\n<figure class=\"wp-block-image size-large\"><a href=\"https:\/\/bernayneuvy.fr\/wp-content\/uploads\/2022\/01\/IMG_4907-scaled.jpg\"><img loading=\"lazy\" decoding=\"async\" width=\"1024\" height=\"768\" data-id=\"3261\" src=\"https:\/\/bernayneuvy.fr\/wp-content\/uploads\/2022\/01\/IMG_4907-1024x768.jpg\" alt=\"\" class=\"wp-image-3261\"\/><\/a><\/figure>\n<\/figure>\n","protected":false},"excerpt":{"rendered":"<p>Travaux de mise en accessibilit\u00e9 de ces deux cimeti\u00e8res \u00a0 Des travaux d&rsquo;accessibilit\u00e9 dans les cimeti\u00e8res de Neuvy et Saint Julien avaient \u00e9t\u00e9 inscrits au\u00a0 budget 2021. Ces travaux ont \u00e9t\u00e9 r\u00e9alis\u00e9s vers la mi-septembre par l&rsquo;entreprise PELTIER de Sill\u00e9-le-Guillaume et consistaient \u00e0\u00a0 tracer des all\u00e9es carrossables. Apr\u00e8s un d\u00e9capage superficiel, un rechargement a \u00e9t\u00e9 [&hellip;]<\/p>\n","protected":false},"author":1,"featured_media":3270,"comment_status":"closed","ping_status":"open","sticky":false,"template":"","format":"standard","meta":{"footnotes":""},"categories":[122],"tags":[],"_links":{"self":[{"href":"https:\/\/bernayneuvy.fr\/index.php?rest_route=\/wp\/v2\/posts\/3260"}],"collection":[{"href":"https:\/\/bernayneuvy.fr\/index.php?rest_route=\/wp\/v2\/posts"}],"about":[{"href":"https:\/\/bernayneuvy.fr\/index.php?rest_route=\/wp\/v2\/types\/post"}],"author":[{"embeddable":true,"href":"https:\/\/bernayneuvy.fr\/index.php?rest_route=\/wp\/v2\/users\/1"}],"replies":[{"embeddable":true,"href":"https:\/\/bernayneuvy.fr\/index.php?rest_route=%2Fwp%2Fv2%2Fcomments&post=3260"}],"version-history":[{"count":5,"href":"https:\/\/bernayneuvy.fr\/index.php?rest_route=\/wp\/v2\/posts\/3260\/revisions"}],"predecessor-version":[{"id":3454,"href":"https:\/\/bernayneuvy.fr\/index.php?rest_route=\/wp\/v2\/posts\/3260\/revisions\/3454"}],"wp:featuredmedia":[{"embeddable":true,"href":"https:\/\/bernayneuvy.fr\/index.php?rest_route=\/wp\/v2\/media\/3270"}],"wp:attachment":[{"href":"https:\/\/bernayneuvy.fr\/index.php?rest_route=%2Fwp%2Fv2%2Fmedia&parent=3260"}],"wp:term":[{"taxonomy":"category","embeddable":true,"href":"https:\/\/bernayneuvy.fr\/index.php?rest_route=%2Fwp%2Fv2%2Fcategories&post=3260"},{"taxonomy":"post_tag","embeddable":true,"href":"https:\/\/bernayneuvy.fr\/index.php?rest_route=%2Fwp%2Fv2%2Ftags&post=3260"}],"curies":[{"name":"wp","href":"https:\/\/api.w.org\/{rel}","templated":true}]}}