{"id":3245,"date":"2021-09-13T07:45:00","date_gmt":"2021-09-13T05:45:00","guid":{"rendered":"https:\/\/bernayneuvy.fr\/?p=3245"},"modified":"2022-01-27T07:53:25","modified_gmt":"2022-01-27T06:53:25","slug":"bric-a-brac-de-saint-julien-le-pauvre","status":"publish","type":"post","link":"https:\/\/bernayneuvy.fr\/?p=3245","title":{"rendered":"Bric \u00e0 Brac de Saint Julien-le-Pauvre"},"content":{"rendered":"\n<h2><span style=\"text-decoration: underline; color: #800080;\"><strong>Il s&rsquo;est tenu le 12 septembre 2021<\/strong><\/span><\/h2>\n<p>Le Bric \u00e0 Brac du 12 septembre \u00e0 St Julien le Pauvre, sous une belle journ\u00e9e ensoleill\u00e9e, a permis \u00e0 chacun et chacune de pouvoir \u00e0 loisir fl\u00e2ner et chiner. La restauration cr\u00eapi\u00e8re a ravi les visiteurs et combl\u00e9 les papilles. Une premi\u00e8re cette ann\u00e9e avec la venue d\u2019un groupe d\u2019artistes qui, pour le plaisir de tous, a offert un divertissement musical tr\u00e8s enjou\u00e9 et appr\u00e9ci\u00e9 des petits et des grands.\u00a0<\/p>\n\n\n\n<figure class=\"wp-block-gallery columns-1 is-cropped wp-block-gallery-1 is-layout-flex wp-block-gallery-is-layout-flex\"><ul class=\"blocks-gallery-grid\"><li class=\"blocks-gallery-item\"><figure><a href=\"https:\/\/bernayneuvy.fr\/wp-content\/uploads\/2022\/01\/2eme-chapitre-03-comite-des-fetes-neuvy-IMG_7795-scaled.jpg\"><img loading=\"lazy\" decoding=\"async\" width=\"1024\" height=\"768\" src=\"https:\/\/bernayneuvy.fr\/wp-content\/uploads\/2022\/01\/2eme-chapitre-03-comite-des-fetes-neuvy-IMG_7795-1024x768.jpg\" alt=\"\" data-id=\"3246\" data-full-url=\"https:\/\/bernayneuvy.fr\/wp-content\/uploads\/2022\/01\/2eme-chapitre-03-comite-des-fetes-neuvy-IMG_7795-scaled.jpg\" data-link=\"https:\/\/bernayneuvy.fr\/?attachment_id=3246\" class=\"wp-image-3246\"\/><\/a><\/figure><\/li><\/ul><\/figure>\n","protected":false},"excerpt":{"rendered":"<p>Il s&rsquo;est tenu le 12 septembre 2021 Le Bric \u00e0 Brac du 12 septembre \u00e0 St Julien le Pauvre, sous une belle journ\u00e9e ensoleill\u00e9e, a permis \u00e0 chacun et chacune de pouvoir \u00e0 loisir fl\u00e2ner et chiner. La restauration cr\u00eapi\u00e8re a ravi les visiteurs et combl\u00e9 les papilles. Une premi\u00e8re cette ann\u00e9e avec la venue [&hellip;]<\/p>\n","protected":false},"author":1,"featured_media":3246,"comment_status":"closed","ping_status":"open","sticky":false,"template":"","format":"standard","meta":{"footnotes":""},"categories":[122],"tags":[],"_links":{"self":[{"href":"https:\/\/bernayneuvy.fr\/index.php?rest_route=\/wp\/v2\/posts\/3245"}],"collection":[{"href":"https:\/\/bernayneuvy.fr\/index.php?rest_route=\/wp\/v2\/posts"}],"about":[{"href":"https:\/\/bernayneuvy.fr\/index.php?rest_route=\/wp\/v2\/types\/post"}],"author":[{"embeddable":true,"href":"https:\/\/bernayneuvy.fr\/index.php?rest_route=\/wp\/v2\/users\/1"}],"replies":[{"embeddable":true,"href":"https:\/\/bernayneuvy.fr\/index.php?rest_route=%2Fwp%2Fv2%2Fcomments&post=3245"}],"version-history":[{"count":2,"href":"https:\/\/bernayneuvy.fr\/index.php?rest_route=\/wp\/v2\/posts\/3245\/revisions"}],"predecessor-version":[{"id":3248,"href":"https:\/\/bernayneuvy.fr\/index.php?rest_route=\/wp\/v2\/posts\/3245\/revisions\/3248"}],"wp:featuredmedia":[{"embeddable":true,"href":"https:\/\/bernayneuvy.fr\/index.php?rest_route=\/wp\/v2\/media\/3246"}],"wp:attachment":[{"href":"https:\/\/bernayneuvy.fr\/index.php?rest_route=%2Fwp%2Fv2%2Fmedia&parent=3245"}],"wp:term":[{"taxonomy":"category","embeddable":true,"href":"https:\/\/bernayneuvy.fr\/index.php?rest_route=%2Fwp%2Fv2%2Fcategories&post=3245"},{"taxonomy":"post_tag","embeddable":true,"href":"https:\/\/bernayneuvy.fr\/index.php?rest_route=%2Fwp%2Fv2%2Ftags&post=3245"}],"curies":[{"name":"wp","href":"https:\/\/api.w.org\/{rel}","templated":true}]}}