{"id":3125,"date":"2021-09-04T11:07:00","date_gmt":"2021-09-04T09:07:00","guid":{"rendered":"https:\/\/bernayneuvy.fr\/?p=3125"},"modified":"2022-02-19T09:15:18","modified_gmt":"2022-02-19T08:15:18","slug":"inauguration-de-la-voie-verte-2","status":"publish","type":"post","link":"https:\/\/bernayneuvy.fr\/?p=3125","title":{"rendered":"Inauguration de la Voie Verte"},"content":{"rendered":"\n\n\n<h2><span style=\"text-decoration: underline; color: #800080;\"><strong>4 septembre 2021, Madame la Sous-pr\u00e9f\u00e8te de Mamers pr\u00e9side la c\u00e9r\u00e9monie d&rsquo;inauguration<\/strong><\/span><\/h2>\n<p style=\"text-align: justify;\">Le samedi 4 septembre, sous un soleil magnifique, la municipalit\u00e9 inaugurait la Voie Verte nouvellement construite. Cette manifestation \u00e9tait plac\u00e9e sous la double pr\u00e9sidence de Madame PLAZA, Sous-pr\u00e9f\u00e8te de Mamers et Madame MORANCAIS, Pr\u00e9sidente de R\u00e9gion. Malheureusement cette derni\u00e8re nous a fait savoir son indisponibilit\u00e9 deux jours seulement avant l&rsquo;\u00e9v\u00e8nement.<em> C&rsquo;est regrettable, mais elle a tenu toutefois \u00e0 \u00eatre repr\u00e9sent\u00e9e en la personne d\u2019une Conseill\u00e8re r\u00e9gionale nouvellement \u00e9lue, Madame Val\u00e9rie RADOU<\/em> qui est \u00e9galement pr\u00e9sidente de la 4CPS<em>.<\/em><\/p>\n\n\n\n<figure class=\"wp-block-gallery has-nested-images columns-default is-cropped wp-block-gallery-1 is-layout-flex wp-block-gallery-is-layout-flex\">\n<figure class=\"wp-block-image size-large\"><a href=\"https:\/\/bernayneuvy.fr\/wp-content\/uploads\/2022\/01\/IMG_1901.jpg\"><img loading=\"lazy\" decoding=\"async\" width=\"1024\" height=\"683\" data-id=\"3126\" src=\"https:\/\/bernayneuvy.fr\/wp-content\/uploads\/2022\/01\/IMG_1901-1024x683.jpg\" alt=\"\" class=\"wp-image-3126\"\/><\/a><\/figure>\n\n\n\n<figure class=\"wp-block-image size-large\"><a href=\"https:\/\/bernayneuvy.fr\/wp-content\/uploads\/2022\/01\/IMG_1997-Copie.jpg\"><img loading=\"lazy\" decoding=\"async\" width=\"1024\" height=\"683\" data-id=\"3127\" src=\"https:\/\/bernayneuvy.fr\/wp-content\/uploads\/2022\/01\/IMG_1997-Copie-1024x683.jpg\" alt=\"Vincent HULOT, maire de Bernay-Neuvy\" class=\"wp-image-3127\"\/><\/a><\/figure>\n<\/figure>\n\n\n\n<figure class=\"wp-block-image size-large is-resized\"><a href=\"https:\/\/bernayneuvy.fr\/wp-content\/uploads\/2022\/01\/IMG_0022.jpg\"><img loading=\"lazy\" decoding=\"async\" src=\"https:\/\/bernayneuvy.fr\/wp-content\/uploads\/2022\/01\/IMG_0022-1024x576.jpg\" alt=\"Vincent HULOT, maire Bernay-Neuvy\" class=\"wp-image-3128\" width=\"840\" height=\"472\"\/><\/a><\/figure>\n\n\n\n\n\n<p style=\"text-align: justify;\">Etaient \u00e9galement pr\u00e9sents nos deux conseillers d\u00e9partementaux, Jo\u00ebl METENIER et Catherine PAINEAU, \u00e9lus quelques mois plus t\u00f4t. Ils \u00e9taient entour\u00e9s des maires des communes avoisinantes et de nombreux \u00e9lus et habitants du territoire.<\/p>\n<p style=\"text-align: justify;\">Le cort\u00e8ge officiel d\u00e9marrait \u00e0 10h30 de la place de la mairie \u00e0 Neuvy, empruntait la voie verte pour arriver au milieu du parcours pour y couper le ruban inaugural. Apr\u00e8s une br\u00e8ve allocution de Monsieur le Maire et Madame la Sous-pr\u00e9f\u00e8te, un vin d&rsquo;honneur \u00e9tait offert sous le chapiteau et en musique.<\/p>\n\n\n\n<figure class=\"wp-block-gallery has-nested-images columns-default is-cropped wp-block-gallery-2 is-layout-flex wp-block-gallery-is-layout-flex\">\n<figure class=\"wp-block-image size-large\"><a href=\"https:\/\/bernayneuvy.fr\/wp-content\/uploads\/2022\/01\/IMG_1894.jpg\"><img loading=\"lazy\" decoding=\"async\" width=\"1024\" height=\"653\" data-id=\"3130\" src=\"https:\/\/bernayneuvy.fr\/wp-content\/uploads\/2022\/01\/IMG_1894-1024x653.jpg\" alt=\"\" class=\"wp-image-3130\"\/><\/a><figcaption><em>L&rsquo;harmonie Sainte C\u00e9cile  a assur\u00e9 l&rsquo;animation musicale<\/em><\/figcaption><\/figure>\n<\/figure>\n\n\n\n<p><\/p>\n\n\n\n<p style=\"text-align: justify;\"><em>Cette petite c\u00e9r\u00e9monie d&rsquo;inauguration avait pour objet d&rsquo;ouvrir officiellement cette voie verte d&rsquo;un kilom\u00e8tre de long, reliant ainsi, comme un cordon ombilical, les 2 bourgs de la commune nouvelle de Bernay-Neuvy-en-Champagne. <\/em><\/p>\n<p style=\"text-align: justify;\"><strong><em>\u00ab\u00a0Mais au-del\u00e0 de la volont\u00e9 de concevoir une belle r\u00e9alisation aux qualit\u00e9s pratiques et d\u00e9j\u00e0 reconnues, le conseil municipal en d\u00e9cidant la r\u00e9alisation des travaux en janvier 2020, souhaitait avant tout lancer un message fort, pour symboliser la fusion de son nouveau territoire, comme \u00e9tant le trait d&rsquo;union entre deux communes ayant le profond d\u00e9sir de n&rsquo;en faire plus qu&rsquo;une et une seule\u00a0\u00bb<\/em><\/strong> \u00a0explique Vincent Hulot dans son intervention.<\/p>\n<p style=\"text-align: justify;\"><strong>Cependant, rien n&rsquo;aurait \u00e9t\u00e9 possible<\/strong> <em>sans l&rsquo;adh\u00e9sion et le pr\u00e9cieux concours des familles qui ont accept\u00e9 de c\u00e9der, vendre ou \u00e9changer le foncier n\u00e9cessaire \u00e0 l&rsquo;implantation de cette Voie Verte. <\/em><\/p>\n<p style=\"text-align: justify;\"><em>&#8211;\u00a0 La Famille LEBOUCHER, Claude et Marie-Madeleine, <\/em><\/p>\n<p style=\"text-align: justify;\"><em>&#8211; La Famille TESSIER repr\u00e9sent\u00e9e par Madame Marie-Claude RETRIF, <\/em><\/p>\n<p style=\"text-align: justify;\"><em>&#8211; La Famille PLUMEREAU. <\/em><\/p>\n<p style=\"text-align: justify;\"><em><strong>\u00a0A toutes ces personnes, la mairie souhaite leur formuler sa profonde gratitude.<\/strong><\/em><\/p>\n<p style=\"text-align: justify;\"><strong>Enfin, rien n&rsquo;aurait \u00e9t\u00e9 \u00e9galement possible<\/strong> sans l\u2019investissement exemplaire des deux commissions communales concern\u00e9es par la conduite des travaux. Que chacun de ses membres en soit particuli\u00e8rement remerci\u00e9 et notamment les deux adjoints qui les pr\u00e9sident\u00a0: Yvonne CAZALS et Vincent MOREAU.<\/p>\n<p>\u00a0<\/p>\n\n\n\n<figure class=\"wp-block-gallery has-nested-images columns-default is-cropped wp-block-gallery-3 is-layout-flex wp-block-gallery-is-layout-flex\">\n<figure class=\"wp-block-image size-large\"><a href=\"https:\/\/bernayneuvy.fr\/wp-content\/uploads\/2022\/01\/IMG_0044.jpg\"><img loading=\"lazy\" decoding=\"async\" width=\"1024\" height=\"575\" data-id=\"3133\" src=\"https:\/\/bernayneuvy.fr\/wp-content\/uploads\/2022\/01\/IMG_0044-1024x575.jpg\" alt=\"\" class=\"wp-image-3133\"\/><\/a><figcaption><em>La population \u00e9tait pr\u00e9sente<\/em><\/figcaption><\/figure>\n\n\n\n<figure class=\"wp-block-image size-large\"><a href=\"https:\/\/bernayneuvy.fr\/wp-content\/uploads\/2022\/01\/IMG_2007.jpg\"><img loading=\"lazy\" decoding=\"async\" width=\"1024\" height=\"683\" data-id=\"3132\" src=\"https:\/\/bernayneuvy.fr\/wp-content\/uploads\/2022\/01\/IMG_2007-1024x683.jpg\" alt=\"\" class=\"wp-image-3132\"\/><\/a><figcaption><em>Le service efficace<\/em><\/figcaption><\/figure>\n<\/figure>\n\n\n\n<figure class=\"wp-block-image size-large is-resized is-style-rounded\"><a href=\"https:\/\/bernayneuvy.fr\/wp-content\/uploads\/2022\/01\/IMG_2005.jpg\"><img loading=\"lazy\" decoding=\"async\" src=\"https:\/\/bernayneuvy.fr\/wp-content\/uploads\/2022\/01\/IMG_2005-1024x683.jpg\" alt=\"Vincent HULOT, maire Bernay-Neuvy\" class=\"wp-image-3131\" width=\"840\" height=\"560\"\/><\/a><\/figure>\n\n\n\n<p><\/p>\n\n\n\n<p style=\"text-align: justify;\">Vincent HULOT n&rsquo;a pas manqu\u00e9 de souligner la bonne dynamique communale impuls\u00e9e par nos associations et nos artisans. <em>\u00ab\u00a0J\u2019en veux pour preuve l\u2019investissement d\u00e9ploy\u00e9 ce jour\u00a0pour cette petite r\u00e9ception. <\/em><em>Tout d&rsquo;abord l\u2019Harmonie Sainte C\u00e9cile de Neuvy, qui s\u2019est propos\u00e9e pour agr\u00e9menter cette manifestation avec ses musiciens,<\/em><em> le Comit\u00e9 des F\u00eates dont les b\u00e9n\u00e9voles ont mont\u00e9 hier apr\u00e8s-midi cette belle chaumi\u00e8re qui lui appartient, et les deux clubs des A\u00een\u00e9s \u00ab\u00a0G\u00e9n\u00e9rations Mouvement\u00a0\u00bb de notre commune qui s\u2019activent pour le service du vin d\u2019honneur.\u00a0\u00bb<\/em><\/p>\n<p style=\"text-align: justify;\"><em>En mati\u00e8re d\u2019artisanat, on pouvait apercevoir le pont enti\u00e8rement restaur\u00e9 en 2020 et qui permet \u00e0 nouveau de traverser \u00e0 nouveau la rivi\u00e8re. Les travaux ont \u00e9t\u00e9 assur\u00e9s par<\/em> Monsieur J\u00e9r\u00f4me RODRIGUES de Bernay-Neuvy pour la partie ma\u00e7onnerie, et par Monsieur Patrice PAUMIER de la soci\u00e9t\u00e9 M\u00e9talaic (r\u00e9sidant \u00e0 Ruill\u00e9-en-Champagne) pour la fabrication du tablier. Ils ont pu compter sur le concours pr\u00e9cieux apport\u00e9 par l\u2019entreprise de Charpente couverture Michel LEPLU, qui en a assur\u00e9 la pose. La restauration de ce pont a \u00e9t\u00e9 largement financ\u00e9e par l&rsquo;association \u00ab\u00a0Comice de Bernay 2017\u00a0\u00bb, qui a pris en charge 40 % des frais. Merci \u00e0 sa pr\u00e9sidente Madame Marinella LEPLU et \u00e0 toute son \u00e9quipe de b\u00e9n\u00e9voles de l&rsquo;\u00e9poque.<\/p>\n<p style=\"text-align: justify;\">Pour terminer son propos, le Maire a souhait\u00e9 souligner l&rsquo;investissement et le travail remarquable de nos agents communaux.\u00a0 <em>\u00ab\u00a0La\u00a0 bonne tenue des espaces verts et espaces publics par nos Agents Techniques est exemplaire. Merci \u00e0 eux et \u00e0 Francis COTEREAU, adjoint au maire en charge de cette comp\u00e9tence.\u00a0\u00bb<\/em><\/p>\n\n\n\n<p><\/p>\n","protected":false},"excerpt":{"rendered":"<p>4 septembre 2021, Madame la Sous-pr\u00e9f\u00e8te de Mamers pr\u00e9side la c\u00e9r\u00e9monie d&rsquo;inauguration Le samedi 4 septembre, sous un soleil magnifique, la municipalit\u00e9 inaugurait la Voie Verte nouvellement construite. Cette manifestation \u00e9tait plac\u00e9e sous la double pr\u00e9sidence de Madame PLAZA, Sous-pr\u00e9f\u00e8te de Mamers et Madame MORANCAIS, Pr\u00e9sidente de R\u00e9gion. Malheureusement cette derni\u00e8re nous a fait savoir [&hellip;]<\/p>\n","protected":false},"author":1,"featured_media":3134,"comment_status":"closed","ping_status":"open","sticky":false,"template":"","format":"standard","meta":{"footnotes":""},"categories":[122],"tags":[],"_links":{"self":[{"href":"https:\/\/bernayneuvy.fr\/index.php?rest_route=\/wp\/v2\/posts\/3125"}],"collection":[{"href":"https:\/\/bernayneuvy.fr\/index.php?rest_route=\/wp\/v2\/posts"}],"about":[{"href":"https:\/\/bernayneuvy.fr\/index.php?rest_route=\/wp\/v2\/types\/post"}],"author":[{"embeddable":true,"href":"https:\/\/bernayneuvy.fr\/index.php?rest_route=\/wp\/v2\/users\/1"}],"replies":[{"embeddable":true,"href":"https:\/\/bernayneuvy.fr\/index.php?rest_route=%2Fwp%2Fv2%2Fcomments&post=3125"}],"version-history":[{"count":6,"href":"https:\/\/bernayneuvy.fr\/index.php?rest_route=\/wp\/v2\/posts\/3125\/revisions"}],"predecessor-version":[{"id":3456,"href":"https:\/\/bernayneuvy.fr\/index.php?rest_route=\/wp\/v2\/posts\/3125\/revisions\/3456"}],"wp:featuredmedia":[{"embeddable":true,"href":"https:\/\/bernayneuvy.fr\/index.php?rest_route=\/wp\/v2\/media\/3134"}],"wp:attachment":[{"href":"https:\/\/bernayneuvy.fr\/index.php?rest_route=%2Fwp%2Fv2%2Fmedia&parent=3125"}],"wp:term":[{"taxonomy":"category","embeddable":true,"href":"https:\/\/bernayneuvy.fr\/index.php?rest_route=%2Fwp%2Fv2%2Fcategories&post=3125"},{"taxonomy":"post_tag","embeddable":true,"href":"https:\/\/bernayneuvy.fr\/index.php?rest_route=%2Fwp%2Fv2%2Ftags&post=3125"}],"curies":[{"name":"wp","href":"https:\/\/api.w.org\/{rel}","templated":true}]}}