{"id":3114,"date":"2021-08-26T20:09:00","date_gmt":"2021-08-26T18:09:00","guid":{"rendered":"https:\/\/bernayneuvy.fr\/?p=3114"},"modified":"2022-01-27T06:45:38","modified_gmt":"2022-01-27T05:45:38","slug":"du-materiel-informatique-neuf-pour-lecole","status":"publish","type":"post","link":"https:\/\/bernayneuvy.fr\/?p=3114","title":{"rendered":"Du mat\u00e9riel informatique neuf pour l&rsquo;\u00e9cole"},"content":{"rendered":"\n<h2><span style=\"text-decoration: underline; color: #800080;\"><strong>Les \u00e9l\u00e8ves de l&rsquo;\u00e9cole de Neuvy disposent d&rsquo;un outil num\u00e9rique performant pour la rentr\u00e9e scolaire de septembre 2021<\/strong><\/span><\/h2>\n\n\n\n<figure class=\"wp-block-gallery columns-2 is-cropped wp-block-gallery-1 is-layout-flex wp-block-gallery-is-layout-flex\"><ul class=\"blocks-gallery-grid\"><li class=\"blocks-gallery-item\"><figure><a href=\"https:\/\/bernayneuvy.fr\/wp-content\/uploads\/2022\/01\/IMG_4579.jpg\"><img loading=\"lazy\" decoding=\"async\" width=\"1024\" height=\"768\" src=\"https:\/\/bernayneuvy.fr\/wp-content\/uploads\/2022\/01\/IMG_4579-1024x768.jpg\" alt=\"\" data-id=\"3117\" data-full-url=\"https:\/\/bernayneuvy.fr\/wp-content\/uploads\/2022\/01\/IMG_4579.jpg\" data-link=\"https:\/\/bernayneuvy.fr\/?attachment_id=3117\" class=\"wp-image-3117\"\/><\/a><figcaption class=\"blocks-gallery-item__caption\"><em>Installation du tableau interactif<\/em><\/figcaption><\/figure><\/li><li class=\"blocks-gallery-item\"><figure><a href=\"https:\/\/bernayneuvy.fr\/wp-content\/uploads\/2022\/01\/IMG_20211210_102712_6-2.jpg\"><img loading=\"lazy\" decoding=\"async\" width=\"768\" height=\"1024\" src=\"https:\/\/bernayneuvy.fr\/wp-content\/uploads\/2022\/01\/IMG_20211210_102712_6-2-768x1024.jpg\" alt=\"\" data-id=\"3116\" data-full-url=\"https:\/\/bernayneuvy.fr\/wp-content\/uploads\/2022\/01\/IMG_20211210_102712_6-2.jpg\" data-link=\"https:\/\/bernayneuvy.fr\/?attachment_id=3116\" class=\"wp-image-3116\"\/><\/a><figcaption class=\"blocks-gallery-item__caption\"><em>Les \u00e9coliers d\u00e9couvrent le nouveaux outils informatiques<\/em><\/figcaption><\/figure><\/li><\/ul><\/figure>\n\n\n\n<p>Installation en juillet 2021 d&rsquo;un nouveau <em><strong>tableau interactif par vid\u00e9oprojecteur&nbsp; et 8 ordinateurs portables<\/strong><\/em> destin\u00e9s aux \u00e9l\u00e8ves.<\/p>\n<p>C&rsquo;est dans le cadre de la politique de d\u00e9veloppement du num\u00e9rique pour l\u2019\u00e9ducation du minist\u00e8re de l\u2019Education Nationale et de la jeunesse, que la collectivit\u00e9 a r\u00e9pondu le 1er juillet 2020 \u00e0 un appel \u00e0 projets destin\u00e9 \u00e0 soutenir <strong>le d\u00e9veloppement de l\u2019innovation num\u00e9rique<\/strong> pour l\u2019\u00e9ducation dans les \u00e9coles \u00e9l\u00e9mentaires des communes rurales.<\/p>\n<p>Notre dossier qui repr\u00e9sentait un montant de 10 023 euros TTC a \u00e9t\u00e9 retenu et nous allons recevoir une subvention de <strong>&nbsp;<\/strong>l\u2019\u00c9tat de 3 500 euros.<\/p>\n\n\n\n<figure class=\"wp-block-image size-large\"><a href=\"https:\/\/bernayneuvy.fr\/wp-content\/uploads\/2022\/01\/IMG_20211210_095523_7-1.jpg\"><img loading=\"lazy\" decoding=\"async\" width=\"1024\" height=\"768\" src=\"https:\/\/bernayneuvy.fr\/wp-content\/uploads\/2022\/01\/IMG_20211210_095523_7-1-1024x768.jpg\" alt=\"\" class=\"wp-image-3115\"\/><\/a><\/figure>\n\n\n\n<p>Le mat\u00e9riel informatique achet\u00e9 dans le cadre de l\u2019am\u00e9lioration num\u00e9rique scolaire, a \u00e9t\u00e9 install\u00e9 le lundi 26 juillet dernier \u00e0 l\u2019\u00e9cole de Neuvy. La soci\u00e9t\u00e9 \u00ab S\u00e9curit\u00e9 Protect \u00bb avait pr\u00e9alablement r\u00e9alis\u00e9 les travaux d&rsquo;\u00e9lectricit\u00e9 et de connections pour un montant de 2 162 euros TTC. Une Soci\u00e9t\u00e9 du Mans sp\u00e9cialis\u00e9e dans l&rsquo;Informatique\u00a0 a assur\u00e9 la mise en route du mat\u00e9riel p\u00e9dagogique en pr\u00e9sence de Madame TAVELET, directrice de l\u2019\u00e9cole : un tableau interactif par vid\u00e9oprojecteur (pour 2 434 euros) et le portable de l\u2019enseignant et des 8 ordinateurs portables destin\u00e9s aux \u00e9l\u00e8ves (pour un montant de 5 427 euros).<\/p>\n","protected":false},"excerpt":{"rendered":"<p>Les \u00e9l\u00e8ves de l&rsquo;\u00e9cole de Neuvy disposent d&rsquo;un outil num\u00e9rique performant pour la rentr\u00e9e scolaire de septembre 2021 Installation en juillet 2021 d&rsquo;un nouveau tableau interactif par vid\u00e9oprojecteur&nbsp; et 8 ordinateurs portables destin\u00e9s aux \u00e9l\u00e8ves. C&rsquo;est dans le cadre de la politique de d\u00e9veloppement du num\u00e9rique pour l\u2019\u00e9ducation du minist\u00e8re de l\u2019Education Nationale et de [&hellip;]<\/p>\n","protected":false},"author":1,"featured_media":3118,"comment_status":"closed","ping_status":"open","sticky":false,"template":"","format":"standard","meta":{"footnotes":""},"categories":[122],"tags":[],"_links":{"self":[{"href":"https:\/\/bernayneuvy.fr\/index.php?rest_route=\/wp\/v2\/posts\/3114"}],"collection":[{"href":"https:\/\/bernayneuvy.fr\/index.php?rest_route=\/wp\/v2\/posts"}],"about":[{"href":"https:\/\/bernayneuvy.fr\/index.php?rest_route=\/wp\/v2\/types\/post"}],"author":[{"embeddable":true,"href":"https:\/\/bernayneuvy.fr\/index.php?rest_route=\/wp\/v2\/users\/1"}],"replies":[{"embeddable":true,"href":"https:\/\/bernayneuvy.fr\/index.php?rest_route=%2Fwp%2Fv2%2Fcomments&post=3114"}],"version-history":[{"count":4,"href":"https:\/\/bernayneuvy.fr\/index.php?rest_route=\/wp\/v2\/posts\/3114\/revisions"}],"predecessor-version":[{"id":3229,"href":"https:\/\/bernayneuvy.fr\/index.php?rest_route=\/wp\/v2\/posts\/3114\/revisions\/3229"}],"wp:featuredmedia":[{"embeddable":true,"href":"https:\/\/bernayneuvy.fr\/index.php?rest_route=\/wp\/v2\/media\/3118"}],"wp:attachment":[{"href":"https:\/\/bernayneuvy.fr\/index.php?rest_route=%2Fwp%2Fv2%2Fmedia&parent=3114"}],"wp:term":[{"taxonomy":"category","embeddable":true,"href":"https:\/\/bernayneuvy.fr\/index.php?rest_route=%2Fwp%2Fv2%2Fcategories&post=3114"},{"taxonomy":"post_tag","embeddable":true,"href":"https:\/\/bernayneuvy.fr\/index.php?rest_route=%2Fwp%2Fv2%2Ftags&post=3114"}],"curies":[{"name":"wp","href":"https:\/\/api.w.org\/{rel}","templated":true}]}}