{"id":3051,"date":"2021-04-30T21:09:00","date_gmt":"2021-04-30T19:09:00","guid":{"rendered":"https:\/\/bernayneuvy.fr\/?p=3051"},"modified":"2022-01-26T20:21:18","modified_gmt":"2022-01-26T19:21:18","slug":"suite-et-fin-des-travaux-de-la-voie-verte","status":"publish","type":"post","link":"https:\/\/bernayneuvy.fr\/?p=3051","title":{"rendered":"Suite et fin des travaux de la Voie Verte"},"content":{"rendered":"\n<h2><span style=\"text-decoration: underline; color: #800080;\"><strong>R\u00e9ception des travaux de la Voie Verte:<\/strong><\/span><\/h2>\n<p>&nbsp;<\/p>\n\n\n\n<h4><span style=\"text-decoration: underline; color: #800080;\"><strong>Cr\u00e9ation du trottoir pour relier le bourg de Bernay \u00e0 la Voie verte<\/strong><\/span><\/h4>\n<p>&nbsp;<\/p>\n<h4><a href=\"https:\/\/bernayneuvy.fr\/wp-content\/uploads\/2022\/01\/IMG_3625.jpg\"><img loading=\"lazy\" decoding=\"async\" class=\"aligncenter wp-image-3052 size-large\" src=\"https:\/\/bernayneuvy.fr\/wp-content\/uploads\/2022\/01\/IMG_3625-1024x768.jpg\" alt=\"Voie Verte Bernay-Neuvy\" width=\"1024\" height=\"768\"><\/a><\/h4>\n<p>&nbsp;<\/p>\n<p>Afin de relier le bourg de Bernay et la future Voie Verte, il manquait une longueur importante de trottoir pour permettre aux pi\u00e9tons de circuler en toute s\u00e9curit\u00e9. Ce chantier a \u00e9t\u00e9 confi\u00e9 \u00e0 l&rsquo;entreprise CHAPRON qui a r\u00e9alis\u00e9 le travail entre le 7 et le 9 avril 2021 pour la somme de 6 580 euros TTC.<\/p>\n\n\n\n<h4><span style=\"text-decoration: underline; color: #800080;\"><strong>Implantation du grillage entre la voie Verte et les lagunes:<\/strong><\/span><\/h4>\n<p>Afin d&rsquo;isoler les lagunes de la station d&rsquo;\u00e9puration et prot\u00e9ger ainsi les futurs promeneurs de la Voie Verte d&rsquo;un potentiel danger, une ligne de grillage a \u00e9t\u00e9 implant\u00e9e en avril 2021.<\/p>\n\n\n\n<figure class=\"wp-block-gallery columns-2 is-cropped wp-block-gallery-1 is-layout-flex wp-block-gallery-is-layout-flex\"><ul class=\"blocks-gallery-grid\"><li class=\"blocks-gallery-item\"><figure><a href=\"https:\/\/bernayneuvy.fr\/wp-content\/uploads\/2022\/01\/IMG_3630.jpg\"><img loading=\"lazy\" decoding=\"async\" width=\"1024\" height=\"768\" src=\"https:\/\/bernayneuvy.fr\/wp-content\/uploads\/2022\/01\/IMG_3630-1024x768.jpg\" alt=\"Travaux Voie Verte Bernay-Neuvy\" data-id=\"3054\" data-full-url=\"https:\/\/bernayneuvy.fr\/wp-content\/uploads\/2022\/01\/IMG_3630.jpg\" data-link=\"https:\/\/bernayneuvy.fr\/?attachment_id=3054\" class=\"wp-image-3054\"\/><\/a><\/figure><\/li><li class=\"blocks-gallery-item\"><figure><a href=\"https:\/\/bernayneuvy.fr\/wp-content\/uploads\/2022\/01\/IMG_3627.jpg\"><img loading=\"lazy\" decoding=\"async\" width=\"1024\" height=\"768\" src=\"https:\/\/bernayneuvy.fr\/wp-content\/uploads\/2022\/01\/IMG_3627-1024x768.jpg\" alt=\"\" data-id=\"3053\" data-full-url=\"https:\/\/bernayneuvy.fr\/wp-content\/uploads\/2022\/01\/IMG_3627.jpg\" data-link=\"https:\/\/bernayneuvy.fr\/?attachment_id=3053\" class=\"wp-image-3053\"\/><\/a><\/figure><\/li><\/ul><\/figure>\n\n\n\n<h4 class=\"wp-block-heading\"><span style=\"text-decoration: underline; color: #800080;\"><strong>Application du rev\u00eatement de la Voie Verte (27 avril 2021) :<\/strong><\/span><\/h4>\n\n\n\n<figure class=\"wp-block-gallery columns-2 is-cropped wp-block-gallery-2 is-layout-flex wp-block-gallery-is-layout-flex\"><ul class=\"blocks-gallery-grid\"><li class=\"blocks-gallery-item\"><figure><a href=\"https:\/\/bernayneuvy.fr\/wp-content\/uploads\/2022\/01\/IMG_3775.jpg\"><img loading=\"lazy\" decoding=\"async\" width=\"1024\" height=\"768\" src=\"https:\/\/bernayneuvy.fr\/wp-content\/uploads\/2022\/01\/IMG_3775-1024x768.jpg\" alt=\"Travaux Voie Verte Bernay-Neuvy\" data-id=\"3057\" data-full-url=\"https:\/\/bernayneuvy.fr\/wp-content\/uploads\/2022\/01\/IMG_3775.jpg\" data-link=\"https:\/\/bernayneuvy.fr\/?attachment_id=3057\" class=\"wp-image-3057\"\/><\/a><\/figure><\/li><li class=\"blocks-gallery-item\"><figure><a href=\"https:\/\/bernayneuvy.fr\/wp-content\/uploads\/2022\/01\/IMG_3784.jpg\"><img loading=\"lazy\" decoding=\"async\" width=\"1024\" height=\"768\" src=\"https:\/\/bernayneuvy.fr\/wp-content\/uploads\/2022\/01\/IMG_3784-1024x768.jpg\" alt=\"Travaux Voie Verte Bernay-Neuvy\" data-id=\"3058\" data-full-url=\"https:\/\/bernayneuvy.fr\/wp-content\/uploads\/2022\/01\/IMG_3784.jpg\" data-link=\"https:\/\/bernayneuvy.fr\/?attachment_id=3058\" class=\"wp-image-3058\"\/><\/a><\/figure><\/li><\/ul><\/figure>\n\n\n\n<h4 class=\"wp-block-heading\"><span style=\"text-decoration: underline; color: #800080;\"><strong>Pose de la toile de paillage biod\u00e9gradable le 14 avril 2021:<\/strong><\/span><\/h4>\n\n\n\n<figure class=\"wp-block-gallery columns-2 is-cropped wp-block-gallery-3 is-layout-flex wp-block-gallery-is-layout-flex\"><ul class=\"blocks-gallery-grid\"><li class=\"blocks-gallery-item\"><figure><a href=\"https:\/\/bernayneuvy.fr\/wp-content\/uploads\/2022\/01\/IMG_E3651.jpg\"><img loading=\"lazy\" decoding=\"async\" width=\"1024\" height=\"768\" src=\"https:\/\/bernayneuvy.fr\/wp-content\/uploads\/2022\/01\/IMG_E3651-1024x768.jpg\" alt=\"Travaux Voie Verte Bernay-Neuvy\" data-id=\"3056\" data-full-url=\"https:\/\/bernayneuvy.fr\/wp-content\/uploads\/2022\/01\/IMG_E3651.jpg\" data-link=\"https:\/\/bernayneuvy.fr\/?attachment_id=3056\" class=\"wp-image-3056\"\/><\/a><\/figure><\/li><li class=\"blocks-gallery-item\"><figure><a href=\"https:\/\/bernayneuvy.fr\/wp-content\/uploads\/2022\/01\/IMG_3669.jpg\"><img loading=\"lazy\" decoding=\"async\" width=\"1024\" height=\"768\" src=\"https:\/\/bernayneuvy.fr\/wp-content\/uploads\/2022\/01\/IMG_3669-1024x768.jpg\" alt=\"Travaux Voie Verte Bernay-Neuvy\" data-id=\"3055\" data-full-url=\"https:\/\/bernayneuvy.fr\/wp-content\/uploads\/2022\/01\/IMG_3669.jpg\" data-link=\"https:\/\/bernayneuvy.fr\/?attachment_id=3055\" class=\"wp-image-3055\"\/><\/a><\/figure><\/li><\/ul><\/figure>\n\n\n\n<h4>\u00a0<\/h4>\n<h4><span style=\"text-decoration: underline; color: #800080;\"><strong>Pose des \u00e9l\u00e9ments de s\u00e9curisation (29 avril 2021)<\/strong><\/span><\/h4>\n<p>Les conditions id\u00e9ales de cette fin de printemps 2021 ont permis de r\u00e9aliser un travail de qualit\u00e9. La r\u00e9ception des travaux a \u00e9t\u00e9 faite le 27 mai.<\/p>\n<p>Cette Voie Verte est revenue \u00e0 114 800 euros HT. Cependant la commune a obtenu deux subventions pour cette r\u00e9alisation qui couvrent 80% du montant des travaux : 30% de CTR dans le cadre du Contrat Territoires- R\u00e9gion 2020 et 50 % de DSIL (Dotation de Soutien \u00e0 l&rsquo;Investissement Local) dans le cadre des Aides de l&rsquo;Etat.<\/p>\n<p><img decoding=\"async\" src=\"https:\/\/bernayneuvy.fr\/wp-content\/uploads\/2022\/01\/IMG_3793-1024x768.jpg\" \/><\/p>\n\n\n\n<figure class=\"wp-block-gallery columns-2 is-cropped wp-block-gallery-4 is-layout-flex wp-block-gallery-is-layout-flex\"><ul class=\"blocks-gallery-grid\"><li class=\"blocks-gallery-item\"><figure><a href=\"https:\/\/bernayneuvy.fr\/wp-content\/uploads\/2022\/01\/IMG_3795.jpg\"><img loading=\"lazy\" decoding=\"async\" width=\"1024\" height=\"768\" src=\"https:\/\/bernayneuvy.fr\/wp-content\/uploads\/2022\/01\/IMG_3795-1024x768.jpg\" alt=\"Travaux Voie Verte Bernay-Neuvy\" data-id=\"3060\" data-full-url=\"https:\/\/bernayneuvy.fr\/wp-content\/uploads\/2022\/01\/IMG_3795.jpg\" data-link=\"https:\/\/bernayneuvy.fr\/?attachment_id=3060\" class=\"wp-image-3060\"\/><\/a><\/figure><\/li><li class=\"blocks-gallery-item\"><figure><a href=\"https:\/\/bernayneuvy.fr\/wp-content\/uploads\/2022\/01\/IMG_3798.jpg\"><img loading=\"lazy\" decoding=\"async\" width=\"1024\" height=\"768\" src=\"https:\/\/bernayneuvy.fr\/wp-content\/uploads\/2022\/01\/IMG_3798-1024x768.jpg\" alt=\"travaux Voie Verte Bernay-Neuvy\" data-id=\"3061\" data-full-url=\"https:\/\/bernayneuvy.fr\/wp-content\/uploads\/2022\/01\/IMG_3798.jpg\" data-link=\"https:\/\/bernayneuvy.fr\/?attachment_id=3061\" class=\"wp-image-3061\"\/><\/a><\/figure><\/li><\/ul><\/figure>\n\n\n","protected":false},"excerpt":{"rendered":"<p>R\u00e9ception des travaux de la Voie Verte: &nbsp; Cr\u00e9ation du trottoir pour relier le bourg de Bernay \u00e0 la Voie verte &nbsp; &nbsp; Afin de relier le bourg de Bernay et la future Voie Verte, il manquait une longueur importante de trottoir pour permettre aux pi\u00e9tons de circuler en toute s\u00e9curit\u00e9. Ce chantier a \u00e9t\u00e9 [&hellip;]<\/p>\n","protected":false},"author":1,"featured_media":3057,"comment_status":"closed","ping_status":"open","sticky":false,"template":"","format":"standard","meta":{"footnotes":""},"categories":[122],"tags":[],"_links":{"self":[{"href":"https:\/\/bernayneuvy.fr\/index.php?rest_route=\/wp\/v2\/posts\/3051"}],"collection":[{"href":"https:\/\/bernayneuvy.fr\/index.php?rest_route=\/wp\/v2\/posts"}],"about":[{"href":"https:\/\/bernayneuvy.fr\/index.php?rest_route=\/wp\/v2\/types\/post"}],"author":[{"embeddable":true,"href":"https:\/\/bernayneuvy.fr\/index.php?rest_route=\/wp\/v2\/users\/1"}],"replies":[{"embeddable":true,"href":"https:\/\/bernayneuvy.fr\/index.php?rest_route=%2Fwp%2Fv2%2Fcomments&post=3051"}],"version-history":[{"count":22,"href":"https:\/\/bernayneuvy.fr\/index.php?rest_route=\/wp\/v2\/posts\/3051\/revisions"}],"predecessor-version":[{"id":3207,"href":"https:\/\/bernayneuvy.fr\/index.php?rest_route=\/wp\/v2\/posts\/3051\/revisions\/3207"}],"wp:featuredmedia":[{"embeddable":true,"href":"https:\/\/bernayneuvy.fr\/index.php?rest_route=\/wp\/v2\/media\/3057"}],"wp:attachment":[{"href":"https:\/\/bernayneuvy.fr\/index.php?rest_route=%2Fwp%2Fv2%2Fmedia&parent=3051"}],"wp:term":[{"taxonomy":"category","embeddable":true,"href":"https:\/\/bernayneuvy.fr\/index.php?rest_route=%2Fwp%2Fv2%2Fcategories&post=3051"},{"taxonomy":"post_tag","embeddable":true,"href":"https:\/\/bernayneuvy.fr\/index.php?rest_route=%2Fwp%2Fv2%2Ftags&post=3051"}],"curies":[{"name":"wp","href":"https:\/\/api.w.org\/{rel}","templated":true}]}}