{"id":2971,"date":"2021-05-09T21:24:00","date_gmt":"2021-05-09T19:24:00","guid":{"rendered":"https:\/\/bernayneuvy.fr\/?p=2971"},"modified":"2022-01-27T06:33:45","modified_gmt":"2022-01-27T05:33:45","slug":"ceremonie-du-8-mai-2021","status":"publish","type":"post","link":"https:\/\/bernayneuvy.fr\/?p=2971","title":{"rendered":"C\u00e9r\u00e9monie du 8 mai 2021"},"content":{"rendered":"\n<h2><span style=\"text-decoration: underline;\"><span style=\"color: #800080;\"><strong>Une manifestation en comit\u00e9 restreint:<\/strong><\/span><\/span><\/h2>\n<p>\u00a0<\/p>\n\n\n\n<figure class=\"wp-block-gallery columns-1 is-cropped wp-block-gallery-1 is-layout-flex wp-block-gallery-is-layout-flex\"><ul class=\"blocks-gallery-grid\"><li class=\"blocks-gallery-item\"><figure><a href=\"https:\/\/bernayneuvy.fr\/wp-content\/uploads\/2022\/01\/IMG_E3857.jpg\"><img loading=\"lazy\" decoding=\"async\" width=\"1024\" height=\"767\" src=\"https:\/\/bernayneuvy.fr\/wp-content\/uploads\/2022\/01\/IMG_E3857-1024x767.jpg\" alt=\"\" data-id=\"2980\" data-full-url=\"https:\/\/bernayneuvy.fr\/wp-content\/uploads\/2022\/01\/IMG_E3857.jpg\" data-link=\"https:\/\/bernayneuvy.fr\/?attachment_id=2980\" class=\"wp-image-2980\"\/><\/a><figcaption class=\"blocks-gallery-item__caption\">C\u00e9r\u00e9monie du 8 mai 2021 \u00e0 Bernay<\/figcaption><\/figure><\/li><\/ul><\/figure>\n\n\n\n<p><\/p>\n\n\n\n<p>Apr\u00e8s la c\u00e9r\u00e9monie en m\u00e9moire des d\u00e9port\u00e9s qui s&rsquo;est tenue\u00a0 au monument aux morts de Neuvy au cours dernier dimanche d&rsquo;avril 2021, les c\u00e9r\u00e9monies de comm\u00e9moration du 8 mai se sont \u00e9galement\u00a0 d\u00e9roul\u00e9es en petit comit\u00e9 avec une participation limit\u00e9e de personnes.\u00a0 Apr\u00e8s la lecture du message du secr\u00e9tariat d&rsquo;\u00e9tat aux anciens combattants et l&rsquo;appel aux morts, les trois monuments de la commune ont donc \u00e9t\u00e9 fleuris par une d\u00e9l\u00e9gation restreinte repr\u00e9sentant l&rsquo;association locale UNC\/AFN et la municipalit\u00e9.\u00a0<\/p>\n\n\n\n<figure class=\"wp-block-gallery columns-2 is-cropped wp-block-gallery-2 is-layout-flex wp-block-gallery-is-layout-flex\"><ul class=\"blocks-gallery-grid\"><li class=\"blocks-gallery-item\"><figure><a href=\"https:\/\/bernayneuvy.fr\/wp-content\/uploads\/2022\/01\/IMG_E3851-1.jpg\"><img loading=\"lazy\" decoding=\"async\" width=\"1024\" height=\"768\" src=\"https:\/\/bernayneuvy.fr\/wp-content\/uploads\/2022\/01\/IMG_E3851-1-1024x768.jpg\" alt=\"Vincent HULOT, maire, c\u00e9r\u00e9monie du 8 mai 2021\" data-id=\"2986\" data-full-url=\"https:\/\/bernayneuvy.fr\/wp-content\/uploads\/2022\/01\/IMG_E3851-1.jpg\" data-link=\"https:\/\/bernayneuvy.fr\/?attachment_id=2986\" class=\"wp-image-2986\"\/><\/a><figcaption class=\"blocks-gallery-item__caption\">puis \u00e0 Saint Julien-le-Pauvre<\/figcaption><\/figure><\/li><li class=\"blocks-gallery-item\"><figure><a href=\"https:\/\/bernayneuvy.fr\/wp-content\/uploads\/2022\/01\/IMG_E3852.jpg\"><img loading=\"lazy\" decoding=\"async\" width=\"1024\" height=\"768\" src=\"https:\/\/bernayneuvy.fr\/wp-content\/uploads\/2022\/01\/IMG_E3852-1024x768.jpg\" alt=\"Vincent HULOT, maire, c\u00e9r\u00e9monie du 8 mai 2021\" data-id=\"2981\" data-full-url=\"https:\/\/bernayneuvy.fr\/wp-content\/uploads\/2022\/01\/IMG_E3852.jpg\" data-link=\"https:\/\/bernayneuvy.fr\/?attachment_id=2981\" class=\"wp-image-2981\"\/><\/a><figcaption class=\"blocks-gallery-item__caption\">et enfin \u00e0 Neuvy.<\/figcaption><\/figure><\/li><\/ul><\/figure>\n","protected":false},"excerpt":{"rendered":"<p>Une manifestation en comit\u00e9 restreint: \u00a0 Apr\u00e8s la c\u00e9r\u00e9monie en m\u00e9moire des d\u00e9port\u00e9s qui s&rsquo;est tenue\u00a0 au monument aux morts de Neuvy au cours dernier dimanche d&rsquo;avril 2021, les c\u00e9r\u00e9monies de comm\u00e9moration du 8 mai se sont \u00e9galement\u00a0 d\u00e9roul\u00e9es en petit comit\u00e9 avec une participation limit\u00e9e de personnes.\u00a0 Apr\u00e8s la lecture du message du secr\u00e9tariat [&hellip;]<\/p>\n","protected":false},"author":1,"featured_media":2980,"comment_status":"closed","ping_status":"open","sticky":false,"template":"","format":"standard","meta":{"footnotes":""},"categories":[122],"tags":[],"_links":{"self":[{"href":"https:\/\/bernayneuvy.fr\/index.php?rest_route=\/wp\/v2\/posts\/2971"}],"collection":[{"href":"https:\/\/bernayneuvy.fr\/index.php?rest_route=\/wp\/v2\/posts"}],"about":[{"href":"https:\/\/bernayneuvy.fr\/index.php?rest_route=\/wp\/v2\/types\/post"}],"author":[{"embeddable":true,"href":"https:\/\/bernayneuvy.fr\/index.php?rest_route=\/wp\/v2\/users\/1"}],"replies":[{"embeddable":true,"href":"https:\/\/bernayneuvy.fr\/index.php?rest_route=%2Fwp%2Fv2%2Fcomments&post=2971"}],"version-history":[{"count":12,"href":"https:\/\/bernayneuvy.fr\/index.php?rest_route=\/wp\/v2\/posts\/2971\/revisions"}],"predecessor-version":[{"id":3224,"href":"https:\/\/bernayneuvy.fr\/index.php?rest_route=\/wp\/v2\/posts\/2971\/revisions\/3224"}],"wp:featuredmedia":[{"embeddable":true,"href":"https:\/\/bernayneuvy.fr\/index.php?rest_route=\/wp\/v2\/media\/2980"}],"wp:attachment":[{"href":"https:\/\/bernayneuvy.fr\/index.php?rest_route=%2Fwp%2Fv2%2Fmedia&parent=2971"}],"wp:term":[{"taxonomy":"category","embeddable":true,"href":"https:\/\/bernayneuvy.fr\/index.php?rest_route=%2Fwp%2Fv2%2Fcategories&post=2971"},{"taxonomy":"post_tag","embeddable":true,"href":"https:\/\/bernayneuvy.fr\/index.php?rest_route=%2Fwp%2Fv2%2Ftags&post=2971"}],"curies":[{"name":"wp","href":"https:\/\/api.w.org\/{rel}","templated":true}]}}