{"id":1906,"date":"2019-07-20T21:23:38","date_gmt":"2019-07-20T19:23:38","guid":{"rendered":"http:\/\/www.bernay-en-champagne.fr\/?p=1906"},"modified":"2021-10-19T13:28:27","modified_gmt":"2021-10-19T11:28:27","slug":"conference-sur-lidentification-et-le-parcours-du-sergent-archie-atkins-abattu-a-souvre-le-7-aout-1944","status":"publish","type":"post","link":"https:\/\/bernayneuvy.fr\/?p=1906","title":{"rendered":"Conf\u00e9rence sur l&rsquo;identification et le parcours du sergent Archie ATKINS, abattu \u00e0 Souvr\u00e9 le 7 ao\u00fbt 1944."},"content":{"rendered":"<p style=\"text-align: justify;\">En pr\u00e9alable \u00e0 la c\u00e9r\u00e9monie d&rsquo;hommage pr\u00e9vue le 22 juin, Sylviane Sisinno a propos\u00e9 de pr\u00e9senter, sous forme d&rsquo;un diaporama,\u00a0 les informations et documents qu&rsquo;elle a recueillis au cours de sa recherche sur le soldat am\u00e9ricain tomb\u00e9 \u00e0 Souvr\u00e9 en ao\u00fbt 1944. Cette pr\u00e9sentation s&rsquo;est d\u00e9roul\u00e9e le vendredi 14 juin \u00e0\u00a0 la salle Pierre Moreau.<\/p>\n<p><img loading=\"lazy\" decoding=\"async\" class=\"aligncenter wp-image-1908 size-medium\" src=\"\/wp-content\/uploads\/2019\/07\/IMG_4572-300x225.jpg\" alt=\"\" width=\"300\" height=\"225\" \/><\/p>\n<p><img loading=\"lazy\" decoding=\"async\" class=\"aligncenter wp-image-1909 size-large\" src=\"\/wp-content\/uploads\/2019\/07\/IMG_4576-1024x768.jpg\" alt=\"\" width=\"860\" height=\"645\" \/><\/p>\n<p style=\"text-align: justify;\">\u00a0\u00bb Quand j&rsquo;avais l&rsquo;occasion d&rsquo;en parler, je sentais beaucoup d&rsquo;int\u00e9r\u00eat de la part des personnes, quel que soit leur \u00e2ge \u00ab\u00a0, pr\u00e9cise Sylviane SISINNO, qui aura travaill\u00e9 dix ans sur ce sujet. \u00a0\u00bb J&rsquo;ai donc assez t\u00f4t pens\u00e9 \u00e0 la fa\u00e7on de partager tout cela avec ceux que cela pouvait int\u00e9resser. Environ 80 personnes se sont d\u00e9plac\u00e9es ce soir l\u00e0 et, pour moi, cela a \u00e9t\u00e9 une grande satisfaction. D&rsquo;autant plus qu&rsquo;apr\u00e8s environ 2 heures de pr\u00e9sentation, personne ne semblait avoir \u00ab\u00a0d\u00e9croch\u00e9\u00a0\u00bb \u00ab\u00a0. Au cours de ce diaporama, on a pu d\u00e9couvrir comment ce soldat avait finalement \u00e9t\u00e9 identifi\u00e9 parmi une\u00a0 quinzaine de noms possibles ; quel \u00e9tait son environnement familial ; comment s&rsquo;\u00e9taient d\u00e9roul\u00e9s son entrainement dans un des camps situ\u00e9 au Texas puis son transfert vers l&rsquo;Angleterre ; quel avait \u00e9t\u00e9 son\u00a0 parcours jusqu&rsquo;\u00e0 Souvr\u00e9 depuis son d\u00e9barquement \u00e0 Utah Beach ; comment avait \u00e9t\u00e9 g\u00e9r\u00e9 le d\u00e9c\u00e8s et l&rsquo;information de sa famille (cimeti\u00e8re provisoire de St James dans la manche puis retour du corps aux USA en 1948). Certains documents personnels ont\u00a0 \u00e9t\u00e9 communiqu\u00e9s par\u00a0 sa famille, d&rsquo;autres proviennent des archives de l&rsquo;arm\u00e9e am\u00e9ricaine aupr\u00e8s de qui il a \u00e9t\u00e9 possible de se procurer le \u00ab\u00a0dossier individuel de d\u00e9c\u00e8s des personnels\u00a0\u00bb (Individual personnal deceased file).\u00a0 Certaines personnes qui n&rsquo;ont pas pu assister \u00e0 cette pr\u00e9sentation souhaiteraient une deuxi\u00e8me s\u00e9ance qui pourrait avoir lieu un apr\u00e8s midi. \u00a0\u00bb Etant donn\u00e9 que le suspens sur l&rsquo;identit\u00e9 de notre soldat n&rsquo;existe plus, je pourrais mettre davantage l&rsquo;accent sur ce qu&rsquo;a v\u00e9cu le r\u00e9giment apr\u00e8s \u00eatre pass\u00e9 \u00e0 Souvr\u00e9.\u00a0\u00bb<\/p>\n<p style=\"text-align: justify;\">Cette soir\u00e9e aura permis de d\u00e9couvrir, \u00e0 partir d&rsquo;un cas particulier, des aspects parfois m\u00e9connus de ce conflit et de donner encore plus de sens \u00e0 la c\u00e9r\u00e9monie du 22 juin.<\/p>\n<p style=\"text-align: justify;\"><img loading=\"lazy\" decoding=\"async\" class=\"alignleft wp-image-1911 size-medium\" src=\"\/wp-content\/uploads\/2019\/07\/ARCHIE-COUTANCES-29-JUILLET-44-300x225.jpg\" alt=\"\" width=\"300\" height=\"225\" \/> <img loading=\"lazy\" decoding=\"async\" class=\"alignnone wp-image-1910 size-medium\" src=\"\/wp-content\/uploads\/2019\/07\/IMG_4570-225x300.jpg\" alt=\"\" width=\"225\" height=\"300\" \/><img loading=\"lazy\" decoding=\"async\" class=\"aligncenter wp-image-1912 size-full\" src=\"\/wp-content\/uploads\/2019\/07\/archie-battle-route-357th.jpg\" alt=\"\" width=\"592\" height=\"275\" \/><\/p>\n","protected":false},"excerpt":{"rendered":"<p>En pr\u00e9alable \u00e0 la c\u00e9r\u00e9monie d&rsquo;hommage pr\u00e9vue le 22 juin, Sylviane Sisinno a propos\u00e9 de pr\u00e9senter, sous forme d&rsquo;un diaporama,\u00a0 les informations et documents qu&rsquo;elle a recueillis au cours de sa recherche sur le soldat am\u00e9ricain tomb\u00e9 \u00e0 Souvr\u00e9 en ao\u00fbt 1944. Cette pr\u00e9sentation s&rsquo;est d\u00e9roul\u00e9e le vendredi 14 juin \u00e0\u00a0 la salle Pierre Moreau. [&hellip;]<\/p>\n","protected":false},"author":1,"featured_media":0,"comment_status":"closed","ping_status":"open","sticky":false,"template":"","format":"standard","meta":{"footnotes":""},"categories":[1],"tags":[],"_links":{"self":[{"href":"https:\/\/bernayneuvy.fr\/index.php?rest_route=\/wp\/v2\/posts\/1906"}],"collection":[{"href":"https:\/\/bernayneuvy.fr\/index.php?rest_route=\/wp\/v2\/posts"}],"about":[{"href":"https:\/\/bernayneuvy.fr\/index.php?rest_route=\/wp\/v2\/types\/post"}],"author":[{"embeddable":true,"href":"https:\/\/bernayneuvy.fr\/index.php?rest_route=\/wp\/v2\/users\/1"}],"replies":[{"embeddable":true,"href":"https:\/\/bernayneuvy.fr\/index.php?rest_route=%2Fwp%2Fv2%2Fcomments&post=1906"}],"version-history":[{"count":6,"href":"https:\/\/bernayneuvy.fr\/index.php?rest_route=\/wp\/v2\/posts\/1906\/revisions"}],"predecessor-version":[{"id":1914,"href":"https:\/\/bernayneuvy.fr\/index.php?rest_route=\/wp\/v2\/posts\/1906\/revisions\/1914"}],"wp:attachment":[{"href":"https:\/\/bernayneuvy.fr\/index.php?rest_route=%2Fwp%2Fv2%2Fmedia&parent=1906"}],"wp:term":[{"taxonomy":"category","embeddable":true,"href":"https:\/\/bernayneuvy.fr\/index.php?rest_route=%2Fwp%2Fv2%2Fcategories&post=1906"},{"taxonomy":"post_tag","embeddable":true,"href":"https:\/\/bernayneuvy.fr\/index.php?rest_route=%2Fwp%2Fv2%2Ftags&post=1906"}],"curies":[{"name":"wp","href":"https:\/\/api.w.org\/{rel}","templated":true}]}}